{"id":126993,"date":"2021-09-13T14:00:00","date_gmt":"2021-09-13T18:00:00","guid":{"rendered":"https:\/\/linitiative.ca\/International\/belfort-envoi-holyfield-au-tapis\/"},"modified":"2021-09-13T14:00:00","modified_gmt":"2021-09-13T18:00:00","slug":"belfort-envoi-holyfield-au-tapis","status":"publish","type":"post","link":"https:\/\/linitiative.ca\/International\/belfort-envoi-holyfield-au-tapis\/","title":{"rendered":"Belfort envoi Holyfield au tapis"},"content":{"rendered":"<div>\n<p class=\"has-text-align-center has-vivid-red-color has-text-color\"><strong>Boxe<\/strong><\/p>\n<p class=\"has-black-color has-text-color\"><strong>L\u2019ancien champion du monde de boxe Evander Holyfield a subi samedi en Floride une humiliante d\u00e9faite, par KO technique d\u00e8s le premier round, face au ma\u00eetre en arts martiaux Vitor Belfort.<\/strong><\/p>\n<p class=\"has-black-color has-text-color\">Sur fond de commentaires donn\u00e9es par l\u2019ancien pr\u00e9sident am\u00e9ricain Donald Trump, choisi pour animer le show au Seminole Hard Rock casino \u00e0 Hollywood, Floride, le Br\u00e9silien n\u2019a laiss\u00e9 aucune chance \u00e0 son adversaire. D\u00e8s les premiers secondes du match, l\u2019ancien champion de boxe a subi une rafale de coups de son adversaire qui l\u2019a rapidement envoy\u00e9 dans les cordes.<\/p>\n<p class=\"has-black-color has-text-color\">A peine revenu sur ses pieds, l\u2019Am\u00e9ricain s\u2019est retrouv\u00e9 au tapis apr\u00e8s une s\u00e9rie de coups port\u00e9s par Belfort. Debout avant le d\u00e9compte de l\u2019arbitre, il a subi un nouvel assaut sans parvenir lui-m\u00eame \u00e0 porter un seul coup \u00e0 son rival. L\u2019arbitre a alors arr\u00eat\u00e9 le combat, au grand dam du boxeur.<\/p>\n<p class=\"has-black-color has-text-color\">\u00ab\u00a0Je n\u2019\u00e9tais pas bless\u00e9\u00a0\u00bb, a insist\u00e9 Holyfield, consid\u00e9rant comme \u00ab\u00a0un peu triste\u00a0\u00bb la d\u00e9cision de l\u2019arbitre. \u00ab\u00a0C\u2019est comme \u00e7a, mais je pense que c\u2019\u00e9tait un mauvais choix\u00a0\u00bb, a-t-il ajout\u00e9.<\/p>\n<p class=\"has-black-color has-text-color\">Holyfield, 58 ans, faisait en Floride son retour sur le ring apr\u00e8s avoir battu Brian Nielsen en 2011, point d\u2019orgue de sa brillante carri\u00e8re de boxeur.<\/p>\n<p class=\"has-black-color has-text-color\">L\u2019Am\u00e9ricain a remport\u00e9 la m\u00e9daille d\u2019or aux JO de 1984 en cat\u00e9gorie mi-lourds avant de dominer la cat\u00e9gorie poids lourds-l\u00e9g\u00e9rs dont il a \u00e9t\u00e9 le champion du monde, et de faire son entr\u00e9e chez les poids lourds.<\/p>\n<p class=\"has-black-color has-text-color\">Il est aussi connu pour avoir battu deux fois Mike Tyson, une fois George Foreman et une fois Riddick Bowe.<\/p>\n<p class=\"has-black-color has-text-color\">Il avait accept\u00e9 il y a seulement huit jours ce combat contre Belfort, apr\u00e8s la d\u00e9fection de Oscar De La Hoya, test\u00e9 positif au Covid-19.<\/p>\n<p class=\"has-black-color has-text-color\">Il s\u2019est dit \u00e9galement pr\u00eat \u00e0 une revanche contre son vieil adversaire Mike Tyson, aujourd\u2019hui \u00e2g\u00e9 de 55 ans.<\/p>\n<p class=\"has-black-color has-text-color\">Le soutien de Donald Trump, accueilli dans l\u2019ar\u00e8ne par les ovations du public, n\u2019a pas suffi \u00e0 Holyfield, tr\u00e8s en-dessous de ses performances selon l\u2019ancien pr\u00e9sident, grand amateur de boxe.<\/p>\n<p class=\"has-black-color has-text-color\">\u00ab\u00a0Non, il n\u2019est pas du tout le m\u00eame. D\u00e8s le d\u00e9but, ce n\u2019\u00e9tait pas le m\u00eame boxeur, il a beaucoup perdu, ce n\u2019\u00e9tait pas Evander Holyfield\u00a0\u00bb, a-t-il affirm\u00e9.<\/p>\n<p class=\"has-black-color has-text-color\">\u00ab\u00a0C\u2019est comme les \u00e9lections, \u00e7a peut aussi etre truqu\u00e9\u00a0\u00bb, a ajout\u00e9 Donald Trump en r\u00e9f\u00e9rence \u00e0 des r\u00e9sultats douteux dans le pass\u00e9 sur le ring.<\/p>\n<p>L\u2019article <a rel=\"nofollow\" href=\"http:\/\/albayane.press.ma\/belfort-envoi-holyfield-au-tapis.html\">Belfort envoi Holyfield au tapis<\/a> est apparu en premier sur <a rel=\"nofollow\" href=\"http:\/\/albayane.press.ma\/\">ALBAYANE<\/a>.<\/p>\n<\/div>\n<p>Auteur: M&rsquo;hammed rahal<br \/>\n<a href=\"http:\/\/albayane.press.ma\/belfort-envoi-holyfield-au-tapis.html\">Cliquez ici pour lire l&rsquo;article depuis sa source.<\/a><\/p>\n","protected":false},"excerpt":{"rendered":"<p>Boxe L\u2019ancien champion du monde de boxe Evander Holyfield a subi samedi en Floride une humiliante d\u00e9faite, par KO technique d\u00e8s le premier round, face au ma\u00eetre en arts martiaux Vitor Belfort. Sur fond de commentaires donn\u00e9es par l\u2019ancien pr\u00e9sident am\u00e9ricain Donald Trump, choisi pour animer le show au Seminole Hard Rock casino \u00e0 Hollywood, [&hellip;]<\/p>\n","protected":false},"author":1760,"featured_media":0,"comment_status":"closed","ping_status":"closed","sticky":false,"template":"","format":"standard","meta":{"fifu_image_url":"","fifu_image_alt":"","footnotes":""},"categories":[73,54],"tags":[],"class_list":["post-126993","post","type-post","status-publish","format-standard","hentry","category-actualite","category-maroc"],"_links":{"self":[{"href":"https:\/\/linitiative.ca\/International\/wp-json\/wp\/v2\/posts\/126993","targetHints":{"allow":["GET"]}}],"collection":[{"href":"https:\/\/linitiative.ca\/International\/wp-json\/wp\/v2\/posts"}],"about":[{"href":"https:\/\/linitiative.ca\/International\/wp-json\/wp\/v2\/types\/post"}],"author":[{"embeddable":true,"href":"https:\/\/linitiative.ca\/International\/wp-json\/wp\/v2\/users\/1760"}],"replies":[{"embeddable":true,"href":"https:\/\/linitiative.ca\/International\/wp-json\/wp\/v2\/comments?post=126993"}],"version-history":[{"count":0,"href":"https:\/\/linitiative.ca\/International\/wp-json\/wp\/v2\/posts\/126993\/revisions"}],"wp:attachment":[{"href":"https:\/\/linitiative.ca\/International\/wp-json\/wp\/v2\/media?parent=126993"}],"wp:term":[{"taxonomy":"category","embeddable":true,"href":"https:\/\/linitiative.ca\/International\/wp-json\/wp\/v2\/categories?post=126993"},{"taxonomy":"post_tag","embeddable":true,"href":"https:\/\/linitiative.ca\/International\/wp-json\/wp\/v2\/tags?post=126993"}],"curies":[{"name":"wp","href":"https:\/\/api.w.org\/{rel}","templated":true}]}}