{"id":126999,"date":"2021-09-14T10:53:46","date_gmt":"2021-09-14T14:53:46","guid":{"rendered":"https:\/\/linitiative.ca\/International\/la-19e-edition-du-fifm-reportee-a-une-date-ulterieure\/"},"modified":"2021-09-14T10:53:46","modified_gmt":"2021-09-14T14:53:46","slug":"la-19e-edition-du-fifm-reportee-a-une-date-ulterieure","status":"publish","type":"post","link":"https:\/\/linitiative.ca\/International\/la-19e-edition-du-fifm-reportee-a-une-date-ulterieure\/","title":{"rendered":"La 19\u00e8 \u00e9dition du FIFM report\u00e9e \u00e0 une date ult\u00e9rieure"},"content":{"rendered":"<div>\n<div style=\"margin-bottom:20px;\"><img loading=\"lazy\" decoding=\"async\" width=\"750\" height=\"430\" src=\"https:\/\/linitiative.ca\/International\/wp-content\/uploads\/sites\/23\/2021\/09\/Logo-FIFM.jpg\" class=\"attachment-post-thumbnail size-post-thumbnail wp-post-image\" alt=\"\" srcset=\"https:\/\/linitiative.ca\/International\/wp-content\/uploads\/sites\/23\/2021\/09\/Logo-FIFM.jpg 750w, http:\/\/www.mapmarrakech.ma\/map\/uploads\/2018\/11\/Logo-FIFM-300x172.jpg 300w\" sizes=\"auto, (max-width: 750px) 100vw, 750px\"><\/div>\n<p>\u00ab\u00a0Afin de poursuivre son soutien aux cin\u00e9mas du continent africain et du monde arabe, la Fondation maintient le programme \u00abindustrie et d\u00e9veloppement de talents\u00a0\u00bb du festival, pr\u00e9cise la Fondation dans un communiqu\u00e9, ajoutant que la plateforme \u00ab\u00a0industrie\u00a0\u00bb du FIFM a pour mission d\u2019accompagner une nouvelle g\u00e9n\u00e9ration de cin\u00e9astes marocains, arabes et africains par des consultations sur mesure, et de les exposer \u00e0 l\u2019international \u00e0 travers un march\u00e9 de coproduction.<\/p>\n<p>Cette ann\u00e9e, deux laur\u00e9ats des prix \u00e0 la post-\u00adproduction des Ateliers de l\u2019Atlas ont \u00e9t\u00e9 s\u00e9lectionn\u00e9s en comp\u00e9tition \u00e0 la Semaine de la Critique du Festival de Cannes. Il s\u2019agit de \u00ab\u00a0La femme du fossoyeur\u00a0\u00bb de Khadar Ahmed, tourn\u00e9 \u00e0 Djibouti, et de \u00ab\u00a0Feathers\u00a0\u00bb de l\u2019\u00e9gyptien Omar El Zohairy, \u00e9galement r\u00e9compens\u00e9 du Grand Prix de la Semaine de la Critique, fait savoir le communiqu\u00e9.<\/p>\n<p>Quant \u00e0 \u00ab\u00a0Tug of war\u00a0\u00bb du r\u00e9alisateur tanzanien Amil Shivji, il a \u00e9t\u00e9 projet\u00e9 en premi\u00e8re mondiale au Festival International du Film de Toronto, indique la Fondation.<\/p>\n<p>L\u2019an dernier, en plus du prix attribu\u00e9 \u00e0 \u00ab\u00a0Feathers\u00a0\u00bb, le Prix Arteniko International de la cha\u00eene franco-\u00adallemande Arte avait \u00e9t\u00e9 remis au projet en d\u00e9veloppement \u00ab\u00a0Parmi nous\u00a0\u00bb de Sofia Alaoui (Maroc), tandis que le Prix Atlas \u00e0 la post-production allait \u00e0 \u00ab\u00a0Rising up at night\u00a0\u00bb de Nelson Makengo (R\u00e9publique D\u00e9mocratique du Congo), poursuit le communiqu\u00e9.<\/p>\n<p>Par cette 4e \u00e9dition des Ateliers de l\u2019Atlas, le Festival International du Film de Marrakech poursuit le d\u00e9veloppement de son laboratoire de d\u00e9couverte des nouveaux talents des cin\u00e9mas du continent africain et du monde arabe, rel\u00e8ve la Fondation, pr\u00e9cisant que toutes les informations sur les Ateliers de l\u2019Atlas sont disponibles sur : https:\/\/atlasateliers.festivalmarrakech.info\/fr<\/p>\n<p>The post <a rel=\"nofollow\" href=\"http:\/\/www.mapmarrakech.ma\/fr\/la-19e-edition-du-fifm-reportee-a-une-date-ulterieure\/\">La 19\u00e8 \u00e9dition du FIFM report\u00e9e \u00e0 une date ult\u00e9rieure<\/a> appeared first on <a rel=\"nofollow\" href=\"http:\/\/www.mapmarrakech.ma\/fr\">MapMarrakech<\/a>.<\/p>\n<\/div>\n<p>Auteur: Meriem IGASS<br \/>\n<a href=\"http:\/\/www.mapmarrakech.ma\/fr\/la-19e-edition-du-fifm-reportee-a-une-date-ulterieure\/\">Cliquez ici pour lire l&rsquo;article depuis sa source.<\/a><\/p>\n","protected":false},"excerpt":{"rendered":"<p>\u00ab\u00a0Afin de poursuivre son soutien aux cin\u00e9mas du continent africain et du monde arabe, la Fondation maintient le programme \u00abindustrie et d\u00e9veloppement de talents\u00a0\u00bb du festival, pr\u00e9cise la Fondation dans un communiqu\u00e9, ajoutant que la plateforme \u00ab\u00a0industrie\u00a0\u00bb du FIFM a pour mission d\u2019accompagner une nouvelle g\u00e9n\u00e9ration de cin\u00e9astes marocains, arabes et africains par des consultations [&hellip;]<\/p>\n","protected":false},"author":1788,"featured_media":0,"comment_status":"closed","ping_status":"closed","sticky":false,"template":"","format":"standard","meta":{"fifu_image_url":"http:\/\/www.mapmarrakech.ma\/map\/uploads\/2018\/11\/Logo-FIFM.jpg","fifu_image_alt":"La 19\u00e8 \u00e9dition du FIFM report\u00e9e \u00e0 une date ult\u00e9rieure","footnotes":""},"categories":[54,76],"tags":[],"class_list":["post-126999","post","type-post","status-publish","format-standard","hentry","category-maroc","category-regions"],"_links":{"self":[{"href":"https:\/\/linitiative.ca\/International\/wp-json\/wp\/v2\/posts\/126999","targetHints":{"allow":["GET"]}}],"collection":[{"href":"https:\/\/linitiative.ca\/International\/wp-json\/wp\/v2\/posts"}],"about":[{"href":"https:\/\/linitiative.ca\/International\/wp-json\/wp\/v2\/types\/post"}],"author":[{"embeddable":true,"href":"https:\/\/linitiative.ca\/International\/wp-json\/wp\/v2\/users\/1788"}],"replies":[{"embeddable":true,"href":"https:\/\/linitiative.ca\/International\/wp-json\/wp\/v2\/comments?post=126999"}],"version-history":[{"count":0,"href":"https:\/\/linitiative.ca\/International\/wp-json\/wp\/v2\/posts\/126999\/revisions"}],"wp:attachment":[{"href":"https:\/\/linitiative.ca\/International\/wp-json\/wp\/v2\/media?parent=126999"}],"wp:term":[{"taxonomy":"category","embeddable":true,"href":"https:\/\/linitiative.ca\/International\/wp-json\/wp\/v2\/categories?post=126999"},{"taxonomy":"post_tag","embeddable":true,"href":"https:\/\/linitiative.ca\/International\/wp-json\/wp\/v2\/tags?post=126999"}],"curies":[{"name":"wp","href":"https:\/\/api.w.org\/{rel}","templated":true}]}}