{"id":127001,"date":"2021-09-14T11:05:21","date_gmt":"2021-09-14T15:05:21","guid":{"rendered":"https:\/\/linitiative.ca\/International\/vaccination-affluence-continue-des-eleves-ages-de-12-17-ans\/"},"modified":"2021-09-14T11:05:21","modified_gmt":"2021-09-14T15:05:21","slug":"vaccination-affluence-continue-des-eleves-ages-de-12-17-ans","status":"publish","type":"post","link":"https:\/\/linitiative.ca\/International\/vaccination-affluence-continue-des-eleves-ages-de-12-17-ans\/","title":{"rendered":"Vaccination: Affluence continue des \u00e9l\u00e8ves \u00e2g\u00e9s de 12-17 ans"},"content":{"rendered":"<div>\n<div style=\"margin-bottom:20px;\"><img loading=\"lazy\" decoding=\"async\" width=\"750\" height=\"430\" src=\"https:\/\/linitiative.ca\/International\/wp-content\/uploads\/sites\/23\/2021\/09\/vaccination-copier.jpg\" class=\"attachment-post-thumbnail size-post-thumbnail wp-post-image\" alt=\"\" srcset=\"https:\/\/linitiative.ca\/International\/wp-content\/uploads\/sites\/23\/2021\/09\/vaccination-copier.jpg 750w, http:\/\/www.mapmarrakech.ma\/map\/uploads\/2021\/09\/vaccination-copier-300x172.jpg 300w\" sizes=\"auto, (max-width: 750px) 100vw, 750px\"><\/div>\n<p>Se d\u00e9roulant dans le strict respect des mesures pr\u00e9ventives visant \u00e0 enrayer la propagation de la pand\u00e9mie du nouveau coronavirus, l\u2019op\u00e9ration vaccinale connait une affluence continue et forte de la part des \u00e9l\u00e8ves 12-17 ans aussi bien en milieu rural que dans les zones urbaines, gr\u00e2ce \u00e0 l\u2019effort soutenu de sensibilisation et \u00e0 la mobilisation sans faille des services de Sant\u00e9, des autorit\u00e9s locales, des cadres de la direction provinciale de l\u2019Education Nationale \u00e0 Al Haouz, et de l\u2019association des parents et tuteurs d\u2019\u00e9l\u00e8ves.<\/p>\n<p>Au centre de vaccination am\u00e9nag\u00e9e au lyc\u00e9e secondaire qualifiant Bir Anzarane \u00e0 Tahanaout, chef-lieu de la province d\u2019Al Haouz, o\u00f9 s\u2019est rendue une \u00e9quipe de M24, la chaine t\u00e9l\u00e9vis\u00e9e de l\u2019information en continu de la MAP, la campagne de vaccination de cette cat\u00e9gorie sociale suscite une grande satisfaction de la part des \u00e9l\u00e8ves et de leurs parents et tuteurs et ce, gr\u00e2ce \u00e0 sa bonne organisation, sous l\u2019encadrement des autorit\u00e9s locales, sanitaires et de responsables\u00a0 \u00e9ducatifs.<\/p>\n<p>Cette campagne de vaccination anti-Covid-19 connait une forte affluence des \u00e9l\u00e8ves d\u2019autant plus que cela co\u00efncide avec le mardi, jour du Souk hebdomadaire \u00e0 Tahanaout o\u00f9, les habitants des villages et zones limitrophes \u00e0 ce centre urbain s\u2019y rendent le plus souvent en grand nombre pour faire leurs courses.<\/p>\n<p>A l\u2019entr\u00e9e de ce vaccinodrome soigneusement am\u00e9nag\u00e9 \u00e0 Tahanaout, des cadres \u00e9ducatifs se chargent de collecter toutes les donn\u00e9es et informations concernant les \u00e9l\u00e8ves \u00e0 vacciner, avant que ces derniers ne soient orient\u00e9s vers l\u2019espace de vaccination pour recevoir la premi\u00e8re dose du vaccin.<\/p>\n<p>Des \u00e9l\u00e8ves sont aussi mobilis\u00e9s pour contribuer \u00e0 la bonne organisation de cette op\u00e9ration.<\/p>\n<p>Apr\u00e8s la vaccination, les b\u00e9n\u00e9ficiaires sont plac\u00e9s sous contr\u00f4le m\u00e9dical dans une salle d\u00e9di\u00e9e \u00e0 cet effet, pendant un quart d\u2019heure, avant de rentrer chez eux et ce, conform\u00e9ment aux consignes du minist\u00e8re de la Sant\u00e9.<\/p>\n<p>Dans une d\u00e9claration \u00e0 M24, le Directeur provincial de l\u2019Education Nationale \u00e0 Al Haouz, M. Moha Ait Mellouk, a \u00e9voqu\u00e9 l\u2019\u00e9tendue de la superficie de la province d\u2019Al Haouz, relevant que le d\u00e9fi de vacciner 100% d\u2019\u00e9l\u00e8ves de cette province sera atteint gr\u00e2ce \u00e0 la mobilisation des autorit\u00e9s sanitaires et locales, des cadres \u00e9ducatifs et des associations des parents d\u2019\u00e9l\u00e8ves.<\/p>\n<p>Pour ce faire, la Direction provinciale de l\u2019Education Nationale \u0153uvre en coordination avec les autorit\u00e9s locales et les autorit\u00e9s sanitaires pour \u00e9largir le nombre de vaccinodromes, rappelant que cette campagne vise \u00e0 contribuer \u00e0 parvenir \u00e0 l\u2019immunit\u00e9 collective, conform\u00e9ment aux Hautes Instructions de Sa Majest\u00e9 le Roi Mohammed VI, donc \u00e0 garantir une rentr\u00e9e scolaire s\u00fbre et s\u00e9curis\u00e9e.<\/p>\n<p>Le report de la date de la rentr\u00e9e scolaire vise \u00e0 garantir des conditions sanitaires idoines et \u00e0 assurer aux \u00e9l\u00e8ves un mode d\u2019enseignement en pr\u00e9sentiel afin de garantir l\u2019\u00e9quit\u00e9 des chances \u00e0 tous les \u00e9l\u00e8ves, a-t-il insist\u00e9.<\/p>\n<p>Dans une d\u00e9claration similaire, le d\u00e9l\u00e9gu\u00e9 du minist\u00e8re de la Sant\u00e9 \u00e0 Al Haouz, M. Jader Mustapha, a indiqu\u00e9 que cette campagne de vaccination cible quelque 53.723 \u00e9l\u00e8ves issus de cette province, faisant savoir qu\u2019il a \u00e9t\u00e9 proc\u00e9d\u00e9 \u00e0 l\u2019am\u00e9nagement de 10 centres de vaccination \u00e9parpill\u00e9s \u00e0 travers le territoire de la province.<\/p>\n<p>En plus de ces centres fixes, il a \u00e9t\u00e9 proc\u00e9d\u00e9 \u00e0 la mise en place d\u2019unit\u00e9s mobiles de vaccination anti-Covid-19, qui desservent les zones \u00e9loign\u00e9es de la province, a-t-il ajout\u00e9.<\/p>\n<p>En vue d\u2019acc\u00e9l\u00e9rer la cadence de la vaccination anti-Covid-19, les autorit\u00e9s locales, sanitaires et les cadres \u00e9ducatifs ont \u00e9largi cette op\u00e9ration au profit des \u00e9l\u00e8ves de cette province, en les orientant vers des centres de vaccination proposant le vaccin Sinopharm, a-t-il indiqu\u00e9, relevant que l\u2019op\u00e9ration se d\u00e9roule dans d\u2019excellentes conditions.<\/p>\n<p>Approch\u00e9s par la MAP, Certains parents des \u00e9l\u00e8ves b\u00e9n\u00e9ficiaires de la campagne de vaccination anti-Covid-19 ont exprim\u00e9, \u00e0 l\u2019unisson, leur satisfaction quant \u00e0 la fluidit\u00e9 du d\u00e9roulement de cette op\u00e9ration et des d\u00e9lais d\u2019attente courts et ce, gr\u00e2ce \u00e0 une \u00e9troite coordination entre l\u2019ensemble des intervenants dans cette op\u00e9ration.<\/p>\n<p>The post <a rel=\"nofollow\" href=\"http:\/\/www.mapmarrakech.ma\/fr\/vaccination-affluence-continue-des-eleves-ages-de-12-17-ans\/\">Vaccination: Affluence continue des \u00e9l\u00e8ves \u00e2g\u00e9s de 12-17 ans<\/a> appeared first on <a rel=\"nofollow\" href=\"http:\/\/www.mapmarrakech.ma\/fr\">MapMarrakech<\/a>.<\/p>\n<\/div>\n<p>Auteur: Meriem IGASS<br \/>\n<a href=\"http:\/\/www.mapmarrakech.ma\/fr\/vaccination-affluence-continue-des-eleves-ages-de-12-17-ans\/\">Cliquez ici pour lire l&rsquo;article depuis sa source.<\/a><\/p>\n","protected":false},"excerpt":{"rendered":"<p>Se d\u00e9roulant dans le strict respect des mesures pr\u00e9ventives visant \u00e0 enrayer la propagation de la pand\u00e9mie du nouveau coronavirus, l\u2019op\u00e9ration vaccinale connait une affluence continue et forte de la part des \u00e9l\u00e8ves 12-17 ans aussi bien en milieu rural que dans les zones urbaines, gr\u00e2ce \u00e0 l\u2019effort soutenu de sensibilisation et \u00e0 la mobilisation [&hellip;]<\/p>\n","protected":false},"author":1788,"featured_media":0,"comment_status":"closed","ping_status":"closed","sticky":false,"template":"","format":"standard","meta":{"fifu_image_url":"http:\/\/www.mapmarrakech.ma\/map\/uploads\/2021\/09\/vaccination-copier.jpg","fifu_image_alt":"Vaccination: Affluence continue des \u00e9l\u00e8ves \u00e2g\u00e9s de 12-17 ans","footnotes":""},"categories":[54,76],"tags":[],"class_list":["post-127001","post","type-post","status-publish","format-standard","hentry","category-maroc","category-regions"],"_links":{"self":[{"href":"https:\/\/linitiative.ca\/International\/wp-json\/wp\/v2\/posts\/127001","targetHints":{"allow":["GET"]}}],"collection":[{"href":"https:\/\/linitiative.ca\/International\/wp-json\/wp\/v2\/posts"}],"about":[{"href":"https:\/\/linitiative.ca\/International\/wp-json\/wp\/v2\/types\/post"}],"author":[{"embeddable":true,"href":"https:\/\/linitiative.ca\/International\/wp-json\/wp\/v2\/users\/1788"}],"replies":[{"embeddable":true,"href":"https:\/\/linitiative.ca\/International\/wp-json\/wp\/v2\/comments?post=127001"}],"version-history":[{"count":0,"href":"https:\/\/linitiative.ca\/International\/wp-json\/wp\/v2\/posts\/127001\/revisions"}],"wp:attachment":[{"href":"https:\/\/linitiative.ca\/International\/wp-json\/wp\/v2\/media?parent=127001"}],"wp:term":[{"taxonomy":"category","embeddable":true,"href":"https:\/\/linitiative.ca\/International\/wp-json\/wp\/v2\/categories?post=127001"},{"taxonomy":"post_tag","embeddable":true,"href":"https:\/\/linitiative.ca\/International\/wp-json\/wp\/v2\/tags?post=127001"}],"curies":[{"name":"wp","href":"https:\/\/api.w.org\/{rel}","templated":true}]}}