{"id":127005,"date":"2021-09-14T11:19:32","date_gmt":"2021-09-14T15:19:32","guid":{"rendered":"https:\/\/linitiative.ca\/International\/le-ministere-de-la-sante-dement-la-prise-de-nouvelles-mesures\/"},"modified":"2021-09-14T11:19:32","modified_gmt":"2021-09-14T15:19:32","slug":"le-ministere-de-la-sante-dement-la-prise-de-nouvelles-mesures","status":"publish","type":"post","link":"https:\/\/linitiative.ca\/International\/le-ministere-de-la-sante-dement-la-prise-de-nouvelles-mesures\/","title":{"rendered":"Le minist\u00e8re de la Sant\u00e9 d\u00e9ment la prise de nouvelles mesures"},"content":{"rendered":"<div>\n<div style=\"margin-bottom:20px;\"><img loading=\"lazy\" decoding=\"async\" width=\"750\" height=\"430\" src=\"https:\/\/linitiative.ca\/International\/wp-content\/uploads\/sites\/23\/2021\/09\/MinistC3A8re-santC3A9.jpg\" class=\"attachment-post-thumbnail size-post-thumbnail wp-post-image\" alt=\"\" srcset=\"https:\/\/linitiative.ca\/International\/wp-content\/uploads\/sites\/23\/2021\/09\/MinistC3A8re-santC3A9.jpg 750w, http:\/\/www.mapmarrakech.ma\/map\/uploads\/2021\/08\/Minist\u00e8re-sant\u00e9-300x172.jpg 300w\" sizes=\"auto, (max-width: 750px) 100vw, 750px\"><\/div>\n<p>Les d\u00e9cisions prises sont annonc\u00e9es et publi\u00e9es par les canaux de communication officiels, ainsi que par les m\u00e9dias publics, a affirm\u00e9 le minist\u00e8re dans un communiqu\u00e9, mettant en garde contre ce genre de rumeurs malveillantes.<\/p>\n<p>Le minist\u00e8re se r\u00e9serve, \u00e9galement, le droit de poursuivre en justice les auteurs de ces actes et leurs complices, conclut le communiqu\u00e9.<\/p>\n<p>The post <a rel=\"nofollow\" href=\"http:\/\/www.mapmarrakech.ma\/fr\/le-ministere-de-la-sante-dement-la-prise-de-nouvelles-mesures-apres-lamelioration-de-la-situation-epidemiologique\/\">Le minist\u00e8re de la Sant\u00e9 d\u00e9ment la prise de nouvelles mesures<\/a> appeared first on <a rel=\"nofollow\" href=\"http:\/\/www.mapmarrakech.ma\/fr\">MapMarrakech<\/a>.<\/p>\n<\/div>\n<p>Auteur: Meriem IGASS<br \/>\n<a href=\"http:\/\/www.mapmarrakech.ma\/fr\/le-ministere-de-la-sante-dement-la-prise-de-nouvelles-mesures-apres-lamelioration-de-la-situation-epidemiologique\/\">Cliquez ici pour lire l&rsquo;article depuis sa source.<\/a><\/p>\n","protected":false},"excerpt":{"rendered":"<p>Les d\u00e9cisions prises sont annonc\u00e9es et publi\u00e9es par les canaux de communication officiels, ainsi que par les m\u00e9dias publics, a affirm\u00e9 le minist\u00e8re dans un communiqu\u00e9, mettant en garde contre ce genre de rumeurs malveillantes. Le minist\u00e8re se r\u00e9serve, \u00e9galement, le droit de poursuivre en justice les auteurs de ces actes et leurs complices, conclut [&hellip;]<\/p>\n","protected":false},"author":1788,"featured_media":0,"comment_status":"closed","ping_status":"closed","sticky":false,"template":"","format":"standard","meta":{"fifu_image_url":"http:\/\/www.mapmarrakech.ma\/map\/uploads\/2021\/08\/Minist\u00e8re-sant\u00e9.jpg","fifu_image_alt":"Le minist\u00e8re de la Sant\u00e9 d\u00e9ment la prise de nouvelles mesures","footnotes":""},"categories":[54,76],"tags":[],"class_list":["post-127005","post","type-post","status-publish","format-standard","hentry","category-maroc","category-regions"],"_links":{"self":[{"href":"https:\/\/linitiative.ca\/International\/wp-json\/wp\/v2\/posts\/127005","targetHints":{"allow":["GET"]}}],"collection":[{"href":"https:\/\/linitiative.ca\/International\/wp-json\/wp\/v2\/posts"}],"about":[{"href":"https:\/\/linitiative.ca\/International\/wp-json\/wp\/v2\/types\/post"}],"author":[{"embeddable":true,"href":"https:\/\/linitiative.ca\/International\/wp-json\/wp\/v2\/users\/1788"}],"replies":[{"embeddable":true,"href":"https:\/\/linitiative.ca\/International\/wp-json\/wp\/v2\/comments?post=127005"}],"version-history":[{"count":0,"href":"https:\/\/linitiative.ca\/International\/wp-json\/wp\/v2\/posts\/127005\/revisions"}],"wp:attachment":[{"href":"https:\/\/linitiative.ca\/International\/wp-json\/wp\/v2\/media?parent=127005"}],"wp:term":[{"taxonomy":"category","embeddable":true,"href":"https:\/\/linitiative.ca\/International\/wp-json\/wp\/v2\/categories?post=127005"},{"taxonomy":"post_tag","embeddable":true,"href":"https:\/\/linitiative.ca\/International\/wp-json\/wp\/v2\/tags?post=127005"}],"curies":[{"name":"wp","href":"https:\/\/api.w.org\/{rel}","templated":true}]}}