{"id":127007,"date":"2021-09-14T08:50:07","date_gmt":"2021-09-14T12:50:07","guid":{"rendered":"https:\/\/linitiative.ca\/International\/les-eaux-minerales-doulmes-un-rnpg-deficitaire\/"},"modified":"2021-09-14T08:50:07","modified_gmt":"2021-09-14T12:50:07","slug":"les-eaux-minerales-doulmes-un-rnpg-deficitaire","status":"publish","type":"post","link":"https:\/\/linitiative.ca\/International\/les-eaux-minerales-doulmes-un-rnpg-deficitaire\/","title":{"rendered":"Les Eaux Min\u00e9rales d\u2019Oulm\u00e8s: Un RNPG d\u00e9ficitaire"},"content":{"rendered":"<div>\n<div class=\"field field-name-body field-type-text-with-summary field-label-hidden\">\n<div class=\"field-items\">\n<div class=\"field-item even\" property=\"content:encoded\">\n<p class=\"rtejustify\">Le R\u00e9sultat net part du groupe (RNPG) des Eaux Min\u00e9rales d\u2019Oulm\u00e8s s&rsquo;est \u00e9tabli \u00e0 -24,9 millions de dirhams (MDH) au titre des six premiers mois de 2021, contre -76,1 MDH \u00e0 fin juin 2020.<\/p>\n<\/div>\n<\/div>\n<\/div>\n<\/div>\n<p>Auteur: mbasraoui<br \/>\n<a href=\"https:\/\/www.leconomiste.com\/flash-infos\/les-eaux-minerales-d-oulmes-un-rnpg-deficitaire\">Cliquez ici pour lire l&rsquo;article depuis sa source.<\/a><\/p>\n","protected":false},"excerpt":{"rendered":"<p>Le R\u00e9sultat net part du groupe (RNPG) des Eaux Min\u00e9rales d\u2019Oulm\u00e8s s&rsquo;est \u00e9tabli \u00e0 -24,9 millions de dirhams (MDH) au titre des six premiers mois de 2021, contre -76,1 MDH \u00e0 fin juin 2020. Auteur: mbasraoui Cliquez ici pour lire l&rsquo;article depuis sa source.<\/p>\n","protected":false},"author":1763,"featured_media":0,"comment_status":"closed","ping_status":"closed","sticky":false,"template":"","format":"standard","meta":{"fifu_image_url":"","fifu_image_alt":"","footnotes":""},"categories":[78,54],"tags":[],"class_list":["post-127007","post","type-post","status-publish","format-standard","hentry","category-economie","category-maroc"],"_links":{"self":[{"href":"https:\/\/linitiative.ca\/International\/wp-json\/wp\/v2\/posts\/127007","targetHints":{"allow":["GET"]}}],"collection":[{"href":"https:\/\/linitiative.ca\/International\/wp-json\/wp\/v2\/posts"}],"about":[{"href":"https:\/\/linitiative.ca\/International\/wp-json\/wp\/v2\/types\/post"}],"author":[{"embeddable":true,"href":"https:\/\/linitiative.ca\/International\/wp-json\/wp\/v2\/users\/1763"}],"replies":[{"embeddable":true,"href":"https:\/\/linitiative.ca\/International\/wp-json\/wp\/v2\/comments?post=127007"}],"version-history":[{"count":0,"href":"https:\/\/linitiative.ca\/International\/wp-json\/wp\/v2\/posts\/127007\/revisions"}],"wp:attachment":[{"href":"https:\/\/linitiative.ca\/International\/wp-json\/wp\/v2\/media?parent=127007"}],"wp:term":[{"taxonomy":"category","embeddable":true,"href":"https:\/\/linitiative.ca\/International\/wp-json\/wp\/v2\/categories?post=127007"},{"taxonomy":"post_tag","embeddable":true,"href":"https:\/\/linitiative.ca\/International\/wp-json\/wp\/v2\/tags?post=127007"}],"curies":[{"name":"wp","href":"https:\/\/api.w.org\/{rel}","templated":true}]}}