{"id":127008,"date":"2021-09-14T08:51:59","date_gmt":"2021-09-14T12:51:59","guid":{"rendered":"https:\/\/linitiative.ca\/International\/la-19e-edition-du-fifm-reportee-et-la-4e-edition-des-ateliers-de-latlas-en-ligne\/"},"modified":"2021-09-14T08:51:59","modified_gmt":"2021-09-14T12:51:59","slug":"la-19e-edition-du-fifm-reportee-et-la-4e-edition-des-ateliers-de-latlas-en-ligne","status":"publish","type":"post","link":"https:\/\/linitiative.ca\/International\/la-19e-edition-du-fifm-reportee-et-la-4e-edition-des-ateliers-de-latlas-en-ligne\/","title":{"rendered":"La 19\u00e8 \u00e9dition du FIFM report\u00e9e et la 4\u00e8 \u00e9dition des Ateliers de l&rsquo;Atlas en ligne"},"content":{"rendered":"<div>\n<div class=\"field field-name-body field-type-text-with-summary field-label-hidden\">\n<div class=\"field-items\">\n<div class=\"field-item even\" property=\"content:encoded\">\n<p class=\"rtejustify\">La 19\u00e8me \u00e9dition du Festival international du film de Marrakech (FIFM) a \u00e9t\u00e9 report\u00e9e \u00e0 une date ult\u00e9rieure, compte tenu de la situation sanitaire mondiale, a annonc\u00e9 mardi la Fondation du FIFM, qui assure toutefois que la 4e \u00e9dition des Ateliers de l\u2019Atlas du Festival se d\u00e9roulera en ligne du 22 au 25 novembre 2021, avec le soutien de Netflix, partenaire du programme depuis sa cr\u00e9ation en 2018.<\/p>\n<\/div>\n<\/div>\n<\/div>\n<\/div>\n<p>Auteur: mbasraoui<br \/>\n<a href=\"https:\/\/www.leconomiste.com\/flash-infos\/la-19e-edition-du-fifm-reportee-et-la-4e-edition-des-ateliers-de-l-atlas-en-ligne\">Cliquez ici pour lire l&rsquo;article depuis sa source.<\/a><\/p>\n","protected":false},"excerpt":{"rendered":"<p>La 19\u00e8me \u00e9dition du Festival international du film de Marrakech (FIFM) a \u00e9t\u00e9 report\u00e9e \u00e0 une date ult\u00e9rieure, compte tenu de la situation sanitaire mondiale, a annonc\u00e9 mardi la Fondation du FIFM, qui assure toutefois que la 4e \u00e9dition des Ateliers de l\u2019Atlas du Festival se d\u00e9roulera en ligne du 22 au 25 novembre 2021, [&hellip;]<\/p>\n","protected":false},"author":1763,"featured_media":0,"comment_status":"closed","ping_status":"closed","sticky":false,"template":"","format":"standard","meta":{"fifu_image_url":"","fifu_image_alt":"","footnotes":""},"categories":[78,54],"tags":[],"class_list":["post-127008","post","type-post","status-publish","format-standard","hentry","category-economie","category-maroc"],"_links":{"self":[{"href":"https:\/\/linitiative.ca\/International\/wp-json\/wp\/v2\/posts\/127008","targetHints":{"allow":["GET"]}}],"collection":[{"href":"https:\/\/linitiative.ca\/International\/wp-json\/wp\/v2\/posts"}],"about":[{"href":"https:\/\/linitiative.ca\/International\/wp-json\/wp\/v2\/types\/post"}],"author":[{"embeddable":true,"href":"https:\/\/linitiative.ca\/International\/wp-json\/wp\/v2\/users\/1763"}],"replies":[{"embeddable":true,"href":"https:\/\/linitiative.ca\/International\/wp-json\/wp\/v2\/comments?post=127008"}],"version-history":[{"count":0,"href":"https:\/\/linitiative.ca\/International\/wp-json\/wp\/v2\/posts\/127008\/revisions"}],"wp:attachment":[{"href":"https:\/\/linitiative.ca\/International\/wp-json\/wp\/v2\/media?parent=127008"}],"wp:term":[{"taxonomy":"category","embeddable":true,"href":"https:\/\/linitiative.ca\/International\/wp-json\/wp\/v2\/categories?post=127008"},{"taxonomy":"post_tag","embeddable":true,"href":"https:\/\/linitiative.ca\/International\/wp-json\/wp\/v2\/tags?post=127008"}],"curies":[{"name":"wp","href":"https:\/\/api.w.org\/{rel}","templated":true}]}}