{"id":127009,"date":"2021-09-14T09:18:01","date_gmt":"2021-09-14T13:18:01","guid":{"rendered":"https:\/\/linitiative.ca\/International\/errachidia-une-cellule-pro-ei-demantelee-trois-arrestations\/"},"modified":"2021-09-14T09:18:01","modified_gmt":"2021-09-14T13:18:01","slug":"errachidia-une-cellule-pro-ei-demantelee-trois-arrestations","status":"publish","type":"post","link":"https:\/\/linitiative.ca\/International\/errachidia-une-cellule-pro-ei-demantelee-trois-arrestations\/","title":{"rendered":"Errachidia: une cellule pro-EI d\u00e9mantel\u00e9e, trois arrestations"},"content":{"rendered":"<div>\n<div class=\"field field-name-body field-type-text-with-summary field-label-hidden\">\n<div class=\"field-items\">\n<div class=\"field-item even\" property=\"content:encoded\">\n<p class=\"rtejustify\">Les autorit\u00e9s marocaines ont annonc\u00e9 mardi avoir d\u00e9mantel\u00e9 dans le sud du pays une cellule \u00ab\u00a0terroriste\u00a0\u00bb affili\u00e9e au groupe jihadiste Etat islamique (EI) et arr\u00eat\u00e9 trois suspects.<\/p>\n<\/div>\n<\/div>\n<\/div>\n<\/div>\n<p>Auteur: mbasraoui<br \/>\n<a href=\"https:\/\/www.leconomiste.com\/flash-infos\/maroc-une-cellule-pro-ei-demantelee-trois-arrestations\">Cliquez ici pour lire l&rsquo;article depuis sa source.<\/a><\/p>\n","protected":false},"excerpt":{"rendered":"<p>Les autorit\u00e9s marocaines ont annonc\u00e9 mardi avoir d\u00e9mantel\u00e9 dans le sud du pays une cellule \u00ab\u00a0terroriste\u00a0\u00bb affili\u00e9e au groupe jihadiste Etat islamique (EI) et arr\u00eat\u00e9 trois suspects. Auteur: mbasraoui Cliquez ici pour lire l&rsquo;article depuis sa source.<\/p>\n","protected":false},"author":1763,"featured_media":0,"comment_status":"closed","ping_status":"closed","sticky":false,"template":"","format":"standard","meta":{"fifu_image_url":"","fifu_image_alt":"","footnotes":""},"categories":[78,54],"tags":[],"class_list":["post-127009","post","type-post","status-publish","format-standard","hentry","category-economie","category-maroc"],"_links":{"self":[{"href":"https:\/\/linitiative.ca\/International\/wp-json\/wp\/v2\/posts\/127009","targetHints":{"allow":["GET"]}}],"collection":[{"href":"https:\/\/linitiative.ca\/International\/wp-json\/wp\/v2\/posts"}],"about":[{"href":"https:\/\/linitiative.ca\/International\/wp-json\/wp\/v2\/types\/post"}],"author":[{"embeddable":true,"href":"https:\/\/linitiative.ca\/International\/wp-json\/wp\/v2\/users\/1763"}],"replies":[{"embeddable":true,"href":"https:\/\/linitiative.ca\/International\/wp-json\/wp\/v2\/comments?post=127009"}],"version-history":[{"count":0,"href":"https:\/\/linitiative.ca\/International\/wp-json\/wp\/v2\/posts\/127009\/revisions"}],"wp:attachment":[{"href":"https:\/\/linitiative.ca\/International\/wp-json\/wp\/v2\/media?parent=127009"}],"wp:term":[{"taxonomy":"category","embeddable":true,"href":"https:\/\/linitiative.ca\/International\/wp-json\/wp\/v2\/categories?post=127009"},{"taxonomy":"post_tag","embeddable":true,"href":"https:\/\/linitiative.ca\/International\/wp-json\/wp\/v2\/tags?post=127009"}],"curies":[{"name":"wp","href":"https:\/\/api.w.org\/{rel}","templated":true}]}}