{"id":127010,"date":"2021-09-14T10:54:46","date_gmt":"2021-09-14T14:54:46","guid":{"rendered":"https:\/\/linitiative.ca\/International\/elections-regionales-et-communales-a-fes-les-des-sont-jetes\/"},"modified":"2021-09-14T10:54:46","modified_gmt":"2021-09-14T14:54:46","slug":"elections-regionales-et-communales-a-fes-les-des-sont-jetes","status":"publish","type":"post","link":"https:\/\/linitiative.ca\/International\/elections-regionales-et-communales-a-fes-les-des-sont-jetes\/","title":{"rendered":"Elections r\u00e9gionales et communales \u00e0 F\u00e8s: Les d\u00e8s sont jet\u00e9s"},"content":{"rendered":"<div>\n<div class=\"field field-name-body field-type-text-with-summary field-label-hidden\">\n<div class=\"field-items\">\n<div class=\"field-item even\" property=\"content:encoded\">\n<p class=\"rtejustify\">C&rsquo;est parti. L&rsquo;Istiqlalien Abdelouahed Ansari a d\u00e9pos\u00e9 officiellement sa candidature pour briguer la pr\u00e9sidence du conseil r\u00e9gional de F\u00e8s Mekn\u00e8s.<\/p>\n<\/div>\n<\/div>\n<\/div>\n<\/div>\n<p>Auteur: mbasraoui<br \/>\n<a href=\"https:\/\/www.leconomiste.com\/flash-infos\/elections-regionales-et-communales-fes-les-des-sont-jetes\">Cliquez ici pour lire l&rsquo;article depuis sa source.<\/a><\/p>\n","protected":false},"excerpt":{"rendered":"<p>C&rsquo;est parti. L&rsquo;Istiqlalien Abdelouahed Ansari a d\u00e9pos\u00e9 officiellement sa candidature pour briguer la pr\u00e9sidence du conseil r\u00e9gional de F\u00e8s Mekn\u00e8s. Auteur: mbasraoui Cliquez ici pour lire l&rsquo;article depuis sa source.<\/p>\n","protected":false},"author":1763,"featured_media":0,"comment_status":"closed","ping_status":"closed","sticky":false,"template":"","format":"standard","meta":{"fifu_image_url":"","fifu_image_alt":"","footnotes":""},"categories":[78,54],"tags":[],"class_list":["post-127010","post","type-post","status-publish","format-standard","hentry","category-economie","category-maroc"],"_links":{"self":[{"href":"https:\/\/linitiative.ca\/International\/wp-json\/wp\/v2\/posts\/127010","targetHints":{"allow":["GET"]}}],"collection":[{"href":"https:\/\/linitiative.ca\/International\/wp-json\/wp\/v2\/posts"}],"about":[{"href":"https:\/\/linitiative.ca\/International\/wp-json\/wp\/v2\/types\/post"}],"author":[{"embeddable":true,"href":"https:\/\/linitiative.ca\/International\/wp-json\/wp\/v2\/users\/1763"}],"replies":[{"embeddable":true,"href":"https:\/\/linitiative.ca\/International\/wp-json\/wp\/v2\/comments?post=127010"}],"version-history":[{"count":0,"href":"https:\/\/linitiative.ca\/International\/wp-json\/wp\/v2\/posts\/127010\/revisions"}],"wp:attachment":[{"href":"https:\/\/linitiative.ca\/International\/wp-json\/wp\/v2\/media?parent=127010"}],"wp:term":[{"taxonomy":"category","embeddable":true,"href":"https:\/\/linitiative.ca\/International\/wp-json\/wp\/v2\/categories?post=127010"},{"taxonomy":"post_tag","embeddable":true,"href":"https:\/\/linitiative.ca\/International\/wp-json\/wp\/v2\/tags?post=127010"}],"curies":[{"name":"wp","href":"https:\/\/api.w.org\/{rel}","templated":true}]}}