{"id":127019,"date":"2021-09-14T06:36:38","date_gmt":"2021-09-14T10:36:38","guid":{"rendered":"https:\/\/linitiative.ca\/International\/des-deputes-reclament-des-chiffres-et-des-delais\/"},"modified":"2021-09-14T06:36:38","modified_gmt":"2021-09-14T10:36:38","slug":"des-deputes-reclament-des-chiffres-et-des-delais","status":"publish","type":"post","link":"https:\/\/linitiative.ca\/International\/des-deputes-reclament-des-chiffres-et-des-delais\/","title":{"rendered":"Des d\u00e9put\u00e9s r\u00e9clament des chiffres et des d\u00e9lais"},"content":{"rendered":"<div>\n<div class=\"sriret\"><img decoding=\"async\" src=\"https:\/\/linitiative.ca\/International\/wp-content\/uploads\/sites\/23\/2021\/09\/default-picture-709x366_c-41.jpg\"><\/div>\n<p class=\"p4\"><span class=\"s3\"><b>Le premier exercice des nouveaux d\u00e9put\u00e9s porte sur l\u2019examen du plan d\u2019action du gouvernement, pr\u00e9sent\u00e9 hier \u00e0 l\u2019APN par le Premier ministre, A\u00efmene Benabderrahmane.<\/b><\/span><\/p>\n<p class=\"p4\"><b>C<\/b>\u2019est la rentr\u00e9e pour les parlementaires\u00a0! Les membres de la nouvelle Assembl\u00e9e populaire nationale (APN), issue des l\u00e9gislatives du 12 juin dernier, entament officiellement leur travail. Leur premier exercice porte sur l\u2019examen du plan d\u2019action du gouvernement, pr\u00e9sent\u00e9 hier \u00e0 l\u2019Assembl\u00e9e par le Premier ministre, A\u00efmene Benabderrahmane.<\/p>\n<p class=\"p4\">Les nouveaux d\u00e9put\u00e9s s\u2019exercent alors \u00e0 faire mieux que leurs pr\u00e9d\u00e9cesseurs au niveau de l\u2019h\u00e9micycle Zighout Youcef et tenter de compenser, du coup, leur d\u00e9ficit de l\u00e9gitimit\u00e9, d\u2019autant qu\u2019ils ont \u00e9t\u00e9 \u00e9lus \u00e0 l\u2019issue d\u2019un scrutin largement boud\u00e9 par les \u00e9lecteurs.<\/p>\n<p>L\u2019article <a rel=\"nofollow\" href=\"https:\/\/www.elwatan.com\/edition\/actualite\/des-deputes-reclament-des-chiffres-et-des-delais-14-09-2021\">Des d\u00e9put\u00e9s r\u00e9clament des chiffres et des d\u00e9lais<\/a> est apparu en premier sur <a rel=\"nofollow\" href=\"https:\/\/www.elwatan.com\/\">El Watan<\/a>.<\/p>\n<\/div>\n<p>Auteur: Anis Khecheba<br \/>\n<a href=\"https:\/\/www.elwatan.com\/edition\/actualite\/des-deputes-reclament-des-chiffres-et-des-delais-14-09-2021\">Cliquez ici pour lire l&rsquo;article depuis sa source.<\/a><\/p>\n","protected":false},"excerpt":{"rendered":"<p>Le premier exercice des nouveaux d\u00e9put\u00e9s porte sur l\u2019examen du plan d\u2019action du gouvernement, pr\u00e9sent\u00e9 hier \u00e0 l\u2019APN par le Premier ministre, A\u00efmene Benabderrahmane. C\u2019est la rentr\u00e9e pour les parlementaires\u00a0! Les membres de la nouvelle Assembl\u00e9e populaire nationale (APN), issue des l\u00e9gislatives du 12 juin dernier, entament officiellement leur travail. Leur premier exercice porte sur [&hellip;]<\/p>\n","protected":false},"author":1743,"featured_media":0,"comment_status":"closed","ping_status":"closed","sticky":false,"template":"","format":"standard","meta":{"fifu_image_url":"https:\/\/www.elwatan.com\/wp-content\/themes\/spectr\/img\/default-picture-709x366_c.jpg","fifu_image_alt":"Des d\u00e9put\u00e9s r\u00e9clament des chiffres et des d\u00e9lais","footnotes":""},"categories":[73,53],"tags":[],"class_list":["post-127019","post","type-post","status-publish","format-standard","hentry","category-actualite","category-algerie"],"_links":{"self":[{"href":"https:\/\/linitiative.ca\/International\/wp-json\/wp\/v2\/posts\/127019","targetHints":{"allow":["GET"]}}],"collection":[{"href":"https:\/\/linitiative.ca\/International\/wp-json\/wp\/v2\/posts"}],"about":[{"href":"https:\/\/linitiative.ca\/International\/wp-json\/wp\/v2\/types\/post"}],"author":[{"embeddable":true,"href":"https:\/\/linitiative.ca\/International\/wp-json\/wp\/v2\/users\/1743"}],"replies":[{"embeddable":true,"href":"https:\/\/linitiative.ca\/International\/wp-json\/wp\/v2\/comments?post=127019"}],"version-history":[{"count":0,"href":"https:\/\/linitiative.ca\/International\/wp-json\/wp\/v2\/posts\/127019\/revisions"}],"wp:attachment":[{"href":"https:\/\/linitiative.ca\/International\/wp-json\/wp\/v2\/media?parent=127019"}],"wp:term":[{"taxonomy":"category","embeddable":true,"href":"https:\/\/linitiative.ca\/International\/wp-json\/wp\/v2\/categories?post=127019"},{"taxonomy":"post_tag","embeddable":true,"href":"https:\/\/linitiative.ca\/International\/wp-json\/wp\/v2\/tags?post=127019"}],"curies":[{"name":"wp","href":"https:\/\/api.w.org\/{rel}","templated":true}]}}