{"id":127021,"date":"2021-09-14T06:37:42","date_gmt":"2021-09-14T10:37:42","guid":{"rendered":"https:\/\/linitiative.ca\/International\/melzi-accuse-le-general-ghali-belkecir\/"},"modified":"2021-09-14T06:37:42","modified_gmt":"2021-09-14T10:37:42","slug":"melzi-accuse-le-general-ghali-belkecir","status":"publish","type":"post","link":"https:\/\/linitiative.ca\/International\/melzi-accuse-le-general-ghali-belkecir\/","title":{"rendered":"Melzi accuse le g\u00e9n\u00e9ral Ghali Belkecir"},"content":{"rendered":"<div>\n<div class=\"sriret\"><img decoding=\"async\" src=\"https:\/\/linitiative.ca\/International\/wp-content\/uploads\/sites\/23\/2021\/09\/default-picture-709x366_c-42.jpg\"><\/div>\n<p class=\"p1\"><span class=\"s1\"><b>En d\u00e9tention depuis juin 2019, l\u2019ex-PDG de la Soci\u00e9t\u00e9 de gestion des r\u00e9sidences d\u2019Etat de Club des Pins a accus\u00e9 hier, lors de son proc\u00e8s \u00e0 Alger, l\u2019ex-patron de la Gendarmerie nationale, le g\u00e9n\u00e9ral Ghali Belkecir, en fuite \u00e0 l\u2019\u00e9tranger, d\u2019\u00eatre \u00e0 l\u2019origine du <i>\u00abr\u00e8glement de comptes\u00bb<\/i> dont il dit \u00eatre victime. Ses copr\u00e9venus, les deux ex-Premiers ministres, Ahmed Ouyahia et Abdelmalek Sellal, ont ni\u00e9 les faits et plaid\u00e9 l\u2019inconstitutionnalit\u00e9 du proc\u00e8s en raison de leur statut.<\/b><\/span><\/p>\n<p class=\"p1\"><span class=\"s1\"><b>L<\/b><\/span><span class=\"s1\">\u2019ex-PDG de la SIH (Soci\u00e9t\u00e9 d\u2019investissement h\u00f4telier) et ancien directeur de l\u2019entreprise publique Sahel, qui g\u00e8re les r\u00e9sidences d\u2019Etat de Club des Pins et de Moretti, \u00e0 l\u2019ouest de la capitale, Abdelhamid Melzi, a comparu hier devant le p\u00f4le p\u00e9nal financier pr\u00e8s le tribunal d\u2019Alger, avec les deux anciens Premiers ministres, Abdelmalek Sellal et Ahmed Ouyahia, ainsi que plusieurs membres de sa famille.<\/span><\/p>\n<p class=\"p3\"><span class=\"s1\">Poursuivi pour \u00abblanchiment d\u2019argent\u00bb, \u00abdilapidation de deniers publics\u00bb, \u00ababus de fonction\u00bb, \u00abtrafic d\u2019influence\u00bb et \u00abpassation de contrats en violation de la r\u00e9glementation des march\u00e9s publics\u00bb, il a ni\u00e9 en bloc les faits qui lui sont reproch\u00e9s avant d\u2019accuser l\u2019ancien patron de la Gendarmerie nationale, le g\u00e9n\u00e9ral Ghali Belkecir, qui fait l\u2019objet d\u2019un mandat d\u2019arr\u00eat international lanc\u00e9 par le tribunal militaire de Blida pour \u00abhaute trahison\u00bb. <\/span><\/p>\n<p>L\u2019article <a rel=\"nofollow\" href=\"https:\/\/www.elwatan.com\/a-la-une\/melzi-accuse-le-general-ghali-belkecir-14-09-2021\">Melzi accuse le g\u00e9n\u00e9ral Ghali Belkecir<\/a> est apparu en premier sur <a rel=\"nofollow\" href=\"https:\/\/www.elwatan.com\/\">El Watan<\/a>.<\/p>\n<\/div>\n<p>Auteur: Anis Khecheba<br \/>\n<a href=\"https:\/\/www.elwatan.com\/a-la-une\/melzi-accuse-le-general-ghali-belkecir-14-09-2021\">Cliquez ici pour lire l&rsquo;article depuis sa source.<\/a><\/p>\n","protected":false},"excerpt":{"rendered":"<p>En d\u00e9tention depuis juin 2019, l\u2019ex-PDG de la Soci\u00e9t\u00e9 de gestion des r\u00e9sidences d\u2019Etat de Club des Pins a accus\u00e9 hier, lors de son proc\u00e8s \u00e0 Alger, l\u2019ex-patron de la Gendarmerie nationale, le g\u00e9n\u00e9ral Ghali Belkecir, en fuite \u00e0 l\u2019\u00e9tranger, d\u2019\u00eatre \u00e0 l\u2019origine du \u00abr\u00e8glement de comptes\u00bb dont il dit \u00eatre victime. Ses copr\u00e9venus, les [&hellip;]<\/p>\n","protected":false},"author":1743,"featured_media":0,"comment_status":"closed","ping_status":"closed","sticky":false,"template":"","format":"standard","meta":{"fifu_image_url":"https:\/\/www.elwatan.com\/wp-content\/themes\/spectr\/img\/default-picture-709x366_c.jpg","fifu_image_alt":"Melzi accuse le g\u00e9n\u00e9ral Ghali Belkecir","footnotes":""},"categories":[73,53],"tags":[],"class_list":["post-127021","post","type-post","status-publish","format-standard","hentry","category-actualite","category-algerie"],"_links":{"self":[{"href":"https:\/\/linitiative.ca\/International\/wp-json\/wp\/v2\/posts\/127021","targetHints":{"allow":["GET"]}}],"collection":[{"href":"https:\/\/linitiative.ca\/International\/wp-json\/wp\/v2\/posts"}],"about":[{"href":"https:\/\/linitiative.ca\/International\/wp-json\/wp\/v2\/types\/post"}],"author":[{"embeddable":true,"href":"https:\/\/linitiative.ca\/International\/wp-json\/wp\/v2\/users\/1743"}],"replies":[{"embeddable":true,"href":"https:\/\/linitiative.ca\/International\/wp-json\/wp\/v2\/comments?post=127021"}],"version-history":[{"count":0,"href":"https:\/\/linitiative.ca\/International\/wp-json\/wp\/v2\/posts\/127021\/revisions"}],"wp:attachment":[{"href":"https:\/\/linitiative.ca\/International\/wp-json\/wp\/v2\/media?parent=127021"}],"wp:term":[{"taxonomy":"category","embeddable":true,"href":"https:\/\/linitiative.ca\/International\/wp-json\/wp\/v2\/categories?post=127021"},{"taxonomy":"post_tag","embeddable":true,"href":"https:\/\/linitiative.ca\/International\/wp-json\/wp\/v2\/tags?post=127021"}],"curies":[{"name":"wp","href":"https:\/\/api.w.org\/{rel}","templated":true}]}}