{"id":127023,"date":"2021-09-14T07:52:02","date_gmt":"2021-09-14T11:52:02","guid":{"rendered":"https:\/\/linitiative.ca\/International\/meteo-temperatures-caniculaires-mardi-et-mercredi-au-centre-et-a-lest-du-pays\/"},"modified":"2021-09-14T07:52:02","modified_gmt":"2021-09-14T11:52:02","slug":"meteo-temperatures-caniculaires-mardi-et-mercredi-au-centre-et-a-lest-du-pays","status":"publish","type":"post","link":"https:\/\/linitiative.ca\/International\/meteo-temperatures-caniculaires-mardi-et-mercredi-au-centre-et-a-lest-du-pays\/","title":{"rendered":"M\u00e9t\u00e9o : temp\u00e9ratures caniculaires mardi et mercredi au Centre et \u00e0 l\u2019Est du pays"},"content":{"rendered":"<div>\n<div class=\"sriret\"><img decoding=\"async\" src=\"https:\/\/linitiative.ca\/International\/wp-content\/uploads\/sites\/23\/2021\/09\/default-picture-709x366_c-43.jpg\"><\/div>\n<p>Des temp\u00e9ratures caniculaires atteignant ou d\u00e9passant les 42 degr\u00e9s affecteront, mardi 14 et mercredi 15 septembre, des wilayas du Centre et de l\u2019Est du pays, annonce l\u2019Office national de la M\u00e9t\u00e9orologie (ONM) dans un bulletin m\u00e9t\u00e9orologique sp\u00e9cial (BMS).<\/p>\n<p>Les wilayas du centre concern\u00e9es par ce ph\u00e9nom\u00e8ne de niveau de vigilance Orange, sont Ain-Defla, Tipaza, Blida, Alger et Boumerd\u00e8s, pr\u00e9cise le BMS dont la validit\u00e9 en cours s\u2019\u00e9talera, ce jour, jusqu\u2019 \u00e0 18h00. Dans les wilayas de Tizi-Ouzou, Bejaia, Jijel, Skikda, Annaba et El-Tarf, la canicule est attendue dans la journ\u00e9e du mercredi, de 09 h 00 \u00e0 18 h 00, ajoute la m\u00eame source.<\/p>\n<p>L\u2019article <a rel=\"nofollow\" href=\"https:\/\/www.elwatan.com\/edition\/actualite\/meteo-temperatures-caniculaires-mardi-et-mercredi-au-centre-et-a-lest-du-pays-14-09-2021\">M\u00e9t\u00e9o : temp\u00e9ratures caniculaires mardi et mercredi au Centre et \u00e0 l\u2019Est du pays<\/a> est apparu en premier sur <a rel=\"nofollow\" href=\"https:\/\/www.elwatan.com\/\">El Watan<\/a>.<\/p>\n<\/div>\n<p>Auteur: Abdelghani Aichoun<br \/>\n<a href=\"https:\/\/www.elwatan.com\/edition\/actualite\/meteo-temperatures-caniculaires-mardi-et-mercredi-au-centre-et-a-lest-du-pays-14-09-2021\">Cliquez ici pour lire l&rsquo;article depuis sa source.<\/a><\/p>\n","protected":false},"excerpt":{"rendered":"<p>Des temp\u00e9ratures caniculaires atteignant ou d\u00e9passant les 42 degr\u00e9s affecteront, mardi 14 et mercredi 15 septembre, des wilayas du Centre et de l\u2019Est du pays, annonce l\u2019Office national de la M\u00e9t\u00e9orologie (ONM) dans un bulletin m\u00e9t\u00e9orologique sp\u00e9cial (BMS). Les wilayas du centre concern\u00e9es par ce ph\u00e9nom\u00e8ne de niveau de vigilance Orange, sont Ain-Defla, Tipaza, Blida, [&hellip;]<\/p>\n","protected":false},"author":1743,"featured_media":0,"comment_status":"closed","ping_status":"closed","sticky":false,"template":"","format":"standard","meta":{"fifu_image_url":"https:\/\/www.elwatan.com\/wp-content\/themes\/spectr\/img\/default-picture-709x366_c.jpg","fifu_image_alt":"M\u00e9t\u00e9o : temp\u00e9ratures caniculaires mardi et mercredi au Centre et \u00e0 l\u2019Est du pays","footnotes":""},"categories":[73,53],"tags":[],"class_list":["post-127023","post","type-post","status-publish","format-standard","hentry","category-actualite","category-algerie"],"_links":{"self":[{"href":"https:\/\/linitiative.ca\/International\/wp-json\/wp\/v2\/posts\/127023","targetHints":{"allow":["GET"]}}],"collection":[{"href":"https:\/\/linitiative.ca\/International\/wp-json\/wp\/v2\/posts"}],"about":[{"href":"https:\/\/linitiative.ca\/International\/wp-json\/wp\/v2\/types\/post"}],"author":[{"embeddable":true,"href":"https:\/\/linitiative.ca\/International\/wp-json\/wp\/v2\/users\/1743"}],"replies":[{"embeddable":true,"href":"https:\/\/linitiative.ca\/International\/wp-json\/wp\/v2\/comments?post=127023"}],"version-history":[{"count":0,"href":"https:\/\/linitiative.ca\/International\/wp-json\/wp\/v2\/posts\/127023\/revisions"}],"wp:attachment":[{"href":"https:\/\/linitiative.ca\/International\/wp-json\/wp\/v2\/media?parent=127023"}],"wp:term":[{"taxonomy":"category","embeddable":true,"href":"https:\/\/linitiative.ca\/International\/wp-json\/wp\/v2\/categories?post=127023"},{"taxonomy":"post_tag","embeddable":true,"href":"https:\/\/linitiative.ca\/International\/wp-json\/wp\/v2\/tags?post=127023"}],"curies":[{"name":"wp","href":"https:\/\/api.w.org\/{rel}","templated":true}]}}