{"id":127025,"date":"2021-09-14T11:27:45","date_gmt":"2021-09-14T15:27:45","guid":{"rendered":"https:\/\/linitiative.ca\/International\/aadl-ouverture-jeudi-de-la-plateforme-de-retrait-des-ordres-de-versement\/"},"modified":"2021-09-14T11:27:45","modified_gmt":"2021-09-14T15:27:45","slug":"aadl-ouverture-jeudi-de-la-plateforme-de-retrait-des-ordres-de-versement","status":"publish","type":"post","link":"https:\/\/linitiative.ca\/International\/aadl-ouverture-jeudi-de-la-plateforme-de-retrait-des-ordres-de-versement\/","title":{"rendered":"AADL : Ouverture jeudi de la plateforme de retrait des ordres de versement"},"content":{"rendered":"<div>\n<div class=\"sriret\"><img decoding=\"async\" src=\"https:\/\/linitiative.ca\/International\/wp-content\/uploads\/sites\/23\/2021\/09\/default-picture-709x366_c-44.jpg\"><\/div>\n<p>Le ministre de l\u2019Habitat, de l\u2019Urbanisme et de la Ville, Mohamed Tarek Belaribi a donn\u00e9 des instructions \u00e0 l\u2019effet d\u2019ouvrir la plateforme \u00e9lectronique de l\u2019Agence nationale d\u2019am\u00e9lioration et de d\u00e9veloppement du logement (AADL) pour permettre \u00e0 quelque 6.000 souscripteurs de t\u00e9l\u00e9charger jeudi 16 septembre leurs ordres de versement, a indiqu\u00e9 un communiqu\u00e9 du minist\u00e8re.<\/p>\n<p>Lors d\u2019une r\u00e9union tenue lundi 13 septembre au si\u00e8ge de son d\u00e9partement minist\u00e9riel \u00e0 laquelle ont pris part des cadres centraux du minist\u00e8re, le Directeur g\u00e9n\u00e9ral charg\u00e9 de la gestion de l\u2019AADL ainsi que les directeurs r\u00e9gionaux de l\u2019agence, M. Belaribi a appel\u00e9 le DG de l\u2019AADL \u00e0 \u00ab\u00a0cr\u00e9er une application \u00e9lectronique permettant aux souscripteurs (inscrits en 2013, dont les recours ont \u00e9t\u00e9 accept\u00e9s, n\u2019ayant pas encore vers\u00e9 la premi\u00e8re tranche et n\u2019ayant pu \u00eatre contact\u00e9s par l\u2019agence) de s\u2019inscrire sur la base \u00e9lectronique, et pr\u00e9parer l\u2019ouverture de la plateforme pour permettre \u00e0\u00a0\u00a0 quelque 6.000 souscripteurs de t\u00e9l\u00e9charger leurs ordres de versement le 16 septembre courant\u00a0\u00bb, selon le communiqu\u00e9. Au terme de la pr\u00e9sentation par le DG de l\u2019AADL d\u2019un expos\u00e9 sur le calendrier des souscripteurs concern\u00e9s par le versement de la premi\u00e8re tranche dont les recours ont \u00e9t\u00e9 accept\u00e9s et ayant \u00e9t\u00e9 inscrits en 2013, le ministre a soulign\u00e9 l\u2019imp\u00e9ratif de revoir tous les dossiers et de s\u2019assurer de leur traitement au niveau national. Concernant les d\u00e9cisions d\u2019affectation, le ministre a ordonn\u00e9 d\u2019acc\u00e9l\u00e9rer la cadence de r\u00e9alisation des projets de mani\u00e8re \u00e0 les livrer le mois prochain.\u00a0\u00a0 M. Belaribi a \u00e9galement appel\u00e9 \u00e0 r\u00e9gulariser les contrats de logement, toutes formules confondues, et de proc\u00e9der \u00e0 la vente de tous les locaux de l\u2019AADL \u00e0 travers le territoire national, et ce suivant les conditions pr\u00e9vues par la loi.<\/p>\n<p>L\u2019article <a rel=\"nofollow\" href=\"https:\/\/www.elwatan.com\/edition\/actualite\/aadl-ouverture-jeudi-de-la-plateforme-de-retrait-des-ordres-de-versement-14-09-2021\">AADL : Ouverture jeudi de la plateforme de retrait des ordres de versement<\/a> est apparu en premier sur <a rel=\"nofollow\" href=\"https:\/\/www.elwatan.com\/\">El Watan<\/a>.<\/p>\n<\/div>\n<p>Auteur: Abdelghani Aichoun<br \/>\n<a href=\"https:\/\/www.elwatan.com\/edition\/actualite\/aadl-ouverture-jeudi-de-la-plateforme-de-retrait-des-ordres-de-versement-14-09-2021\">Cliquez ici pour lire l&rsquo;article depuis sa source.<\/a><\/p>\n","protected":false},"excerpt":{"rendered":"<p>Le ministre de l\u2019Habitat, de l\u2019Urbanisme et de la Ville, Mohamed Tarek Belaribi a donn\u00e9 des instructions \u00e0 l\u2019effet d\u2019ouvrir la plateforme \u00e9lectronique de l\u2019Agence nationale d\u2019am\u00e9lioration et de d\u00e9veloppement du logement (AADL) pour permettre \u00e0 quelque 6.000 souscripteurs de t\u00e9l\u00e9charger jeudi 16 septembre leurs ordres de versement, a indiqu\u00e9 un communiqu\u00e9 du minist\u00e8re. Lors [&hellip;]<\/p>\n","protected":false},"author":1743,"featured_media":0,"comment_status":"closed","ping_status":"closed","sticky":false,"template":"","format":"standard","meta":{"fifu_image_url":"https:\/\/www.elwatan.com\/wp-content\/themes\/spectr\/img\/default-picture-709x366_c.jpg","fifu_image_alt":"AADL : Ouverture jeudi de la plateforme de retrait des ordres de versement","footnotes":""},"categories":[73,53],"tags":[],"class_list":["post-127025","post","type-post","status-publish","format-standard","hentry","category-actualite","category-algerie"],"_links":{"self":[{"href":"https:\/\/linitiative.ca\/International\/wp-json\/wp\/v2\/posts\/127025","targetHints":{"allow":["GET"]}}],"collection":[{"href":"https:\/\/linitiative.ca\/International\/wp-json\/wp\/v2\/posts"}],"about":[{"href":"https:\/\/linitiative.ca\/International\/wp-json\/wp\/v2\/types\/post"}],"author":[{"embeddable":true,"href":"https:\/\/linitiative.ca\/International\/wp-json\/wp\/v2\/users\/1743"}],"replies":[{"embeddable":true,"href":"https:\/\/linitiative.ca\/International\/wp-json\/wp\/v2\/comments?post=127025"}],"version-history":[{"count":0,"href":"https:\/\/linitiative.ca\/International\/wp-json\/wp\/v2\/posts\/127025\/revisions"}],"wp:attachment":[{"href":"https:\/\/linitiative.ca\/International\/wp-json\/wp\/v2\/media?parent=127025"}],"wp:term":[{"taxonomy":"category","embeddable":true,"href":"https:\/\/linitiative.ca\/International\/wp-json\/wp\/v2\/categories?post=127025"},{"taxonomy":"post_tag","embeddable":true,"href":"https:\/\/linitiative.ca\/International\/wp-json\/wp\/v2\/tags?post=127025"}],"curies":[{"name":"wp","href":"https:\/\/api.w.org\/{rel}","templated":true}]}}