{"id":127031,"date":"2021-09-14T10:07:00","date_gmt":"2021-09-14T14:07:00","guid":{"rendered":"https:\/\/linitiative.ca\/International\/maher-sellami\/"},"modified":"2021-09-14T10:07:00","modified_gmt":"2021-09-14T14:07:00","slug":"maher-sellami","status":"publish","type":"post","link":"https:\/\/linitiative.ca\/International\/maher-sellami\/","title":{"rendered":"Maher Sellami"},"content":{"rendered":"<div><img decoding=\"async\" src=\"https:\/\/linitiative.ca\/International\/wp-content\/uploads\/sites\/23\/2021\/09\/1631625976_article.jpg\" alt=\"Maher Sellami\" align=\"left\">\u00c9tat civil et coordonn\u00e9es<br \/>\nNom et pr\u00e9nom: Maher Sellami<br \/>\nDate et lieu de naissance: 30 mai 1961 \u00e0 Sfax<br \/>\nSituation matrimoniale: mari\u00e9, p\u00e8re de deux enfants.<br \/>\nGrade actuel<br \/>\n\u2022 Conseiller des Services Publics depuis le 1er juin 1987<br \/>\nDerni\u00e8res fonctions exerc\u00e9es<br \/>\n\u2022 Directeur de cabinet du Chef du gouvernement du 18 septembre 2017 au 29 f\u00e9vrier 2019 avec rang et avantages de ministre. (D\u00e9cret gouvernemental n\u00b0 2017-1043 du 22 septembre 2017).<br \/>\nFonctions ant\u00e9rieures<br \/>\n\u2022 Chef de service des \u00e9tudes juridiques \u00e0 la Direction G\u00e9n\u00e9rale des Affaires Fonci\u00e8res et de L\u00e9gislation. (D\u00e9cret n\u00b0 88-969 du 21 mai 1988).<br \/>\n\u2022 Sous-Directeur de la L\u00e9gislation \u00e0 la Direction &#8230;<\/p>\n<\/div>\n<p>Auteur:<br \/>\n<a href=\"https:\/\/www.leaders.com.tn\/article\/32408-maher-sellami\">Cliquez ici pour lire l&rsquo;article depuis sa source.<\/a><\/p>\n","protected":false},"excerpt":{"rendered":"<p>\u00c9tat civil et coordonn\u00e9es Nom et pr\u00e9nom: Maher Sellami Date et lieu de naissance: 30 mai 1961 \u00e0 Sfax Situation matrimoniale: mari\u00e9, p\u00e8re de deux enfants. Grade actuel \u2022 Conseiller des Services Publics depuis le 1er juin 1987 Derni\u00e8res fonctions exerc\u00e9es \u2022 Directeur de cabinet du Chef du gouvernement du 18 septembre 2017 au 29 [&hellip;]<\/p>\n","protected":false},"author":1772,"featured_media":0,"comment_status":"closed","ping_status":"closed","sticky":false,"template":"","format":"standard","meta":{"fifu_image_url":"http:\/\/www.leaders.com.tn\/uploads\/content\/thumbnails_small\/1631625976_article.jpg","fifu_image_alt":"Maher Sellami","footnotes":""},"categories":[73,55],"tags":[],"class_list":["post-127031","post","type-post","status-publish","format-standard","hentry","category-actualite","category-tunisie"],"_links":{"self":[{"href":"https:\/\/linitiative.ca\/International\/wp-json\/wp\/v2\/posts\/127031","targetHints":{"allow":["GET"]}}],"collection":[{"href":"https:\/\/linitiative.ca\/International\/wp-json\/wp\/v2\/posts"}],"about":[{"href":"https:\/\/linitiative.ca\/International\/wp-json\/wp\/v2\/types\/post"}],"author":[{"embeddable":true,"href":"https:\/\/linitiative.ca\/International\/wp-json\/wp\/v2\/users\/1772"}],"replies":[{"embeddable":true,"href":"https:\/\/linitiative.ca\/International\/wp-json\/wp\/v2\/comments?post=127031"}],"version-history":[{"count":0,"href":"https:\/\/linitiative.ca\/International\/wp-json\/wp\/v2\/posts\/127031\/revisions"}],"wp:attachment":[{"href":"https:\/\/linitiative.ca\/International\/wp-json\/wp\/v2\/media?parent=127031"}],"wp:term":[{"taxonomy":"category","embeddable":true,"href":"https:\/\/linitiative.ca\/International\/wp-json\/wp\/v2\/categories?post=127031"},{"taxonomy":"post_tag","embeddable":true,"href":"https:\/\/linitiative.ca\/International\/wp-json\/wp\/v2\/tags?post=127031"}],"curies":[{"name":"wp","href":"https:\/\/api.w.org\/{rel}","templated":true}]}}