{"id":127035,"date":"2021-09-14T11:45:00","date_gmt":"2021-09-14T15:45:00","guid":{"rendered":"https:\/\/linitiative.ca\/International\/lecture-politique-du-processus-democratique-en-tunisie-quelle-sera-lissue-de-la-crise-actuelle\/"},"modified":"2021-09-14T11:45:00","modified_gmt":"2021-09-14T15:45:00","slug":"lecture-politique-du-processus-democratique-en-tunisie-quelle-sera-lissue-de-la-crise-actuelle","status":"publish","type":"post","link":"https:\/\/linitiative.ca\/International\/lecture-politique-du-processus-democratique-en-tunisie-quelle-sera-lissue-de-la-crise-actuelle\/","title":{"rendered":"Lecture politique du processus d\u00e9mocratique en Tunisie: Quelle sera l\u2019issue de la crise actuelle?"},"content":{"rendered":"<div><img decoding=\"async\" src=\"https:\/\/linitiative.ca\/International\/wp-content\/uploads\/sites\/23\/2021\/09\/1631634441_article.jpg\" alt=\"Lecture politique du processus d\u00e9mocratique en Tunisie: Quelle sera l\u2019issue de la crise actuelle?\" align=\"left\">Par Kahena Abbes &#8211; Depuis le 25 juillet 2021, les d\u00e9cisions prises par le pr\u00e9sident de la R\u00e9publique, M. Kais Sa\u00efed, \u00e0 savoir suspendre toute activit\u00e9 parlementaire, d\u00e9mettre le chef de gouvernement de ses fonctions, s\u2019octroyer le pouvoir l\u00e9gislatif, ont suscit\u00e9 plusieurs lectures, puisqu\u2019elles ont \u00e9t\u00e9 fond\u00e9es sur l\u2019application de l\u2019article 80 de la constitution de 2014, et elles demeurent en vigueur pour un d\u00e9lai ind\u00e9termin\u00e9.<br \/>\nParmi ces lectures, l\u2019une fut essentiellement politique: elle consid\u00e8re les d\u00e9cisions pr\u00e9sidentielles non seulement l\u00e9gitimes mais n\u00e9cessaires, la seconde fut juridique, se limitant \u00e0 l\u2019interpr\u00e9tation stricte de l\u2019article 80, par &#8230;<\/p>\n<\/div>\n<p>Auteur:<br \/>\n<a href=\"https:\/\/www.leaders.com.tn\/article\/32410-lecture-politique-du-processus-democratique-en-tunisie-quelle-sera-l-issue-de-la-crise-actuelle\">Cliquez ici pour lire l&rsquo;article depuis sa source.<\/a><\/p>\n","protected":false},"excerpt":{"rendered":"<p>Par Kahena Abbes &#8211; Depuis le 25 juillet 2021, les d\u00e9cisions prises par le pr\u00e9sident de la R\u00e9publique, M. Kais Sa\u00efed, \u00e0 savoir suspendre toute activit\u00e9 parlementaire, d\u00e9mettre le chef de gouvernement de ses fonctions, s\u2019octroyer le pouvoir l\u00e9gislatif, ont suscit\u00e9 plusieurs lectures, puisqu\u2019elles ont \u00e9t\u00e9 fond\u00e9es sur l\u2019application de l\u2019article 80 de la constitution [&hellip;]<\/p>\n","protected":false},"author":1772,"featured_media":0,"comment_status":"closed","ping_status":"closed","sticky":false,"template":"","format":"standard","meta":{"fifu_image_url":"http:\/\/www.leaders.com.tn\/uploads\/content\/thumbnails_small\/1631634441_article.jpg","fifu_image_alt":"Lecture politique du processus d\u00e9mocratique en Tunisie: Quelle sera l\u2019issue de la crise actuelle?","footnotes":""},"categories":[73,55],"tags":[],"class_list":["post-127035","post","type-post","status-publish","format-standard","hentry","category-actualite","category-tunisie"],"_links":{"self":[{"href":"https:\/\/linitiative.ca\/International\/wp-json\/wp\/v2\/posts\/127035","targetHints":{"allow":["GET"]}}],"collection":[{"href":"https:\/\/linitiative.ca\/International\/wp-json\/wp\/v2\/posts"}],"about":[{"href":"https:\/\/linitiative.ca\/International\/wp-json\/wp\/v2\/types\/post"}],"author":[{"embeddable":true,"href":"https:\/\/linitiative.ca\/International\/wp-json\/wp\/v2\/users\/1772"}],"replies":[{"embeddable":true,"href":"https:\/\/linitiative.ca\/International\/wp-json\/wp\/v2\/comments?post=127035"}],"version-history":[{"count":0,"href":"https:\/\/linitiative.ca\/International\/wp-json\/wp\/v2\/posts\/127035\/revisions"}],"wp:attachment":[{"href":"https:\/\/linitiative.ca\/International\/wp-json\/wp\/v2\/media?parent=127035"}],"wp:term":[{"taxonomy":"category","embeddable":true,"href":"https:\/\/linitiative.ca\/International\/wp-json\/wp\/v2\/categories?post=127035"},{"taxonomy":"post_tag","embeddable":true,"href":"https:\/\/linitiative.ca\/International\/wp-json\/wp\/v2\/tags?post=127035"}],"curies":[{"name":"wp","href":"https:\/\/api.w.org\/{rel}","templated":true}]}}