{"id":127037,"date":"2021-09-14T06:00:00","date_gmt":"2021-09-14T10:00:00","guid":{"rendered":"https:\/\/linitiative.ca\/International\/les-profanateurs-des-grands-froids-et-loutrage-au-juste\/"},"modified":"2021-09-14T06:00:00","modified_gmt":"2021-09-14T10:00:00","slug":"les-profanateurs-des-grands-froids-et-loutrage-au-juste","status":"publish","type":"post","link":"https:\/\/linitiative.ca\/International\/les-profanateurs-des-grands-froids-et-loutrage-au-juste\/","title":{"rendered":"Les profanateurs des grands froids et l\u2019outrage au juste !"},"content":{"rendered":"<div>Les l\u00e9gions \u00e9trang\u00e8res, avec leurs milices autochtones, tracent et creusent encore<\/div>\n<p>Auteur:<br \/>\n<a href=\"https:\/\/www.lesoirdalgerie.com\/pousse-avec-eux\/les-profanateurs-des-grands-froids-et-loutrage-au-juste-67426\">Cliquez ici pour lire l&rsquo;article depuis sa source.<\/a><\/p>\n","protected":false},"excerpt":{"rendered":"<p>Les l\u00e9gions \u00e9trang\u00e8res, avec leurs milices autochtones, tracent et creusent encore Auteur: Cliquez ici pour lire l&rsquo;article depuis sa source.<\/p>\n","protected":false},"author":1741,"featured_media":0,"comment_status":"closed","ping_status":"closed","sticky":false,"template":"","format":"standard","meta":{"fifu_image_url":"","fifu_image_alt":"","footnotes":""},"categories":[73,53],"tags":[],"class_list":["post-127037","post","type-post","status-publish","format-standard","hentry","category-actualite","category-algerie"],"_links":{"self":[{"href":"https:\/\/linitiative.ca\/International\/wp-json\/wp\/v2\/posts\/127037","targetHints":{"allow":["GET"]}}],"collection":[{"href":"https:\/\/linitiative.ca\/International\/wp-json\/wp\/v2\/posts"}],"about":[{"href":"https:\/\/linitiative.ca\/International\/wp-json\/wp\/v2\/types\/post"}],"author":[{"embeddable":true,"href":"https:\/\/linitiative.ca\/International\/wp-json\/wp\/v2\/users\/1741"}],"replies":[{"embeddable":true,"href":"https:\/\/linitiative.ca\/International\/wp-json\/wp\/v2\/comments?post=127037"}],"version-history":[{"count":0,"href":"https:\/\/linitiative.ca\/International\/wp-json\/wp\/v2\/posts\/127037\/revisions"}],"wp:attachment":[{"href":"https:\/\/linitiative.ca\/International\/wp-json\/wp\/v2\/media?parent=127037"}],"wp:term":[{"taxonomy":"category","embeddable":true,"href":"https:\/\/linitiative.ca\/International\/wp-json\/wp\/v2\/categories?post=127037"},{"taxonomy":"post_tag","embeddable":true,"href":"https:\/\/linitiative.ca\/International\/wp-json\/wp\/v2\/tags?post=127037"}],"curies":[{"name":"wp","href":"https:\/\/api.w.org\/{rel}","templated":true}]}}