{"id":127044,"date":"2021-09-14T09:15:54","date_gmt":"2021-09-14T13:15:54","guid":{"rendered":"https:\/\/linitiative.ca\/International\/elections-2021-au-maroc-la-cour-des-comptes-appelle-les-partis-a-deposer-leurs-comptes-de-campagne-electorale\/"},"modified":"2021-09-14T09:15:54","modified_gmt":"2021-09-14T13:15:54","slug":"elections-2021-au-maroc-la-cour-des-comptes-appelle-les-partis-a-deposer-leurs-comptes-de-campagne-electorale","status":"publish","type":"post","link":"https:\/\/linitiative.ca\/International\/elections-2021-au-maroc-la-cour-des-comptes-appelle-les-partis-a-deposer-leurs-comptes-de-campagne-electorale\/","title":{"rendered":"\u00c9lections 2021 au Maroc. La Cour des comptes appelle les partis \u00e0 d\u00e9poser leurs comptes de campagne \u00e9lectorale"},"content":{"rendered":"<div><img decoding=\"async\" width=\"600\" height=\"360\" src=\"https:\/\/linitiative.ca\/International\/wp-content\/uploads\/sites\/23\/2021\/09\/Cour-des-Comptes.jpg\" class=\"attachment-post-thumbnail size-post-thumbnail wp-post-image\" alt=\"\" loading=\"lazy\" srcset=\"https:\/\/linitiative.ca\/International\/wp-content\/uploads\/sites\/23\/2021\/09\/Cour-des-Comptes.jpg 600w, https:\/\/www.challenge.ma\/wp-content\/uploads\/2020\/05\/Cour-des-Comptes-300x180.jpg 300w, https:\/\/www.challenge.ma\/wp-content\/uploads\/2020\/05\/Cour-des-Comptes-360x216.jpg 360w\" sizes=\"auto, (max-width: 600px) 100vw, 600px\" itemprop=\"image\">La Cour des Comptes exhorte les partis politiques \u00e0 d\u00e9poser leurs comptes de campagne (retra\u00e7ant les d\u00e9penses \u00e9lectorales) dans les d\u00e9lais prescrits par la loi. L\u2019institution, par le biais d\u2019un communiqu\u00e9 publi\u00e9 le 14 septembre, alerte les partis politiques sur la production des comptes des campagnes \u00e9lectorales aupr\u00e8s de la<\/div>\n<p>Auteur: challenge<br \/>\n<a href=\"https:\/\/www.challenge.ma\/elections-2021-au-maroc-la-cour-des-comptes-appelle-les-partis-a-deposer-leurs-comptes-de-campagne-electorale-220845\/\">Cliquez ici pour lire l&rsquo;article depuis sa source.<\/a><\/p>\n","protected":false},"excerpt":{"rendered":"<p>La Cour des Comptes exhorte les partis politiques \u00e0 d\u00e9poser leurs comptes de campagne (retra\u00e7ant les d\u00e9penses \u00e9lectorales) dans les d\u00e9lais prescrits par la loi. L\u2019institution, par le biais d\u2019un communiqu\u00e9 publi\u00e9 le 14 septembre, alerte les partis politiques sur la production des comptes des campagnes \u00e9lectorales aupr\u00e8s de la Auteur: challenge Cliquez ici pour [&hellip;]<\/p>\n","protected":false},"author":1787,"featured_media":0,"comment_status":"closed","ping_status":"closed","sticky":false,"template":"","format":"standard","meta":{"fifu_image_url":"https:\/\/www.challenge.ma\/wp-content\/uploads\/2020\/05\/Cour-des-Comptes.jpg","fifu_image_alt":"\u00c9lections 2021 au Maroc. La Cour des comptes appelle les partis \u00e0 d\u00e9poser leurs comptes de campagne \u00e9lectorale","footnotes":""},"categories":[78,54],"tags":[],"class_list":["post-127044","post","type-post","status-publish","format-standard","hentry","category-economie","category-maroc"],"_links":{"self":[{"href":"https:\/\/linitiative.ca\/International\/wp-json\/wp\/v2\/posts\/127044","targetHints":{"allow":["GET"]}}],"collection":[{"href":"https:\/\/linitiative.ca\/International\/wp-json\/wp\/v2\/posts"}],"about":[{"href":"https:\/\/linitiative.ca\/International\/wp-json\/wp\/v2\/types\/post"}],"author":[{"embeddable":true,"href":"https:\/\/linitiative.ca\/International\/wp-json\/wp\/v2\/users\/1787"}],"replies":[{"embeddable":true,"href":"https:\/\/linitiative.ca\/International\/wp-json\/wp\/v2\/comments?post=127044"}],"version-history":[{"count":0,"href":"https:\/\/linitiative.ca\/International\/wp-json\/wp\/v2\/posts\/127044\/revisions"}],"wp:attachment":[{"href":"https:\/\/linitiative.ca\/International\/wp-json\/wp\/v2\/media?parent=127044"}],"wp:term":[{"taxonomy":"category","embeddable":true,"href":"https:\/\/linitiative.ca\/International\/wp-json\/wp\/v2\/categories?post=127044"},{"taxonomy":"post_tag","embeddable":true,"href":"https:\/\/linitiative.ca\/International\/wp-json\/wp\/v2\/tags?post=127044"}],"curies":[{"name":"wp","href":"https:\/\/api.w.org\/{rel}","templated":true}]}}