{"id":127046,"date":"2021-09-14T09:57:34","date_gmt":"2021-09-14T13:57:34","guid":{"rendered":"https:\/\/linitiative.ca\/International\/coronavirus-le-ministere-de-la-sante-dement-la-validite-dun-rapport-sur-de-nouvelles-mesures\/"},"modified":"2021-09-14T09:57:34","modified_gmt":"2021-09-14T13:57:34","slug":"coronavirus-le-ministere-de-la-sante-dement-la-validite-dun-rapport-sur-de-nouvelles-mesures","status":"publish","type":"post","link":"https:\/\/linitiative.ca\/International\/coronavirus-le-ministere-de-la-sante-dement-la-validite-dun-rapport-sur-de-nouvelles-mesures\/","title":{"rendered":"Coronavirus. Le minist\u00e8re de la Sant\u00e9 d\u00e9ment la validit\u00e9 d\u2019un rapport sur de nouvelles mesures"},"content":{"rendered":"<div><img decoding=\"async\" width=\"1200\" height=\"630\" src=\"https:\/\/linitiative.ca\/International\/wp-content\/uploads\/sites\/23\/2021\/09\/coronavirus-1.jpeg\" class=\"attachment-post-thumbnail size-post-thumbnail wp-post-image\" alt=\"\" loading=\"lazy\" srcset=\"https:\/\/linitiative.ca\/International\/wp-content\/uploads\/sites\/23\/2021\/09\/coronavirus-1.jpeg 1200w, https:\/\/www.challenge.ma\/wp-content\/uploads\/2021\/03\/coronavirus-1-300x158.jpeg 300w, https:\/\/www.challenge.ma\/wp-content\/uploads\/2021\/03\/coronavirus-1-1024x538.jpeg 1024w, https:\/\/www.challenge.ma\/wp-content\/uploads\/2021\/03\/coronavirus-1-768x403.jpeg 768w, https:\/\/www.challenge.ma\/wp-content\/uploads\/2021\/03\/coronavirus-1-360x189.jpeg 360w, https:\/\/www.challenge.ma\/wp-content\/uploads\/2021\/03\/coronavirus-1-750x394.jpeg 750w\" sizes=\"auto, (max-width: 1200px) 100vw, 1200px\" itemprop=\"image\">Le minist\u00e8re de la Sant\u00e9 d\u00e9ment cat\u00e9goriquement la validit\u00e9 d\u2019un rapport, qui circule sur les r\u00e9seaux sociaux, affirmant que de nouvelles mesures ont \u00e9t\u00e9 prises apr\u00e8s l\u2019am\u00e9lioration de la situation \u00e9pid\u00e9miologique. Dans un communiqu\u00e9 officiel diffus\u00e9 le 14 septembre, le minist\u00e8re de la Sant\u00e9 \u00ab\u00a0nie l\u2019authenticit\u00e9 des informations contenues dans<\/div>\n<p>Auteur: challenge<br \/>\n<a href=\"https:\/\/www.challenge.ma\/coronavirus-le-ministere-de-la-sante-dement-la-validite-dun-rapport-sur-de-nouvelles-mesures-220851\/\">Cliquez ici pour lire l&rsquo;article depuis sa source.<\/a><\/p>\n","protected":false},"excerpt":{"rendered":"<p>Le minist\u00e8re de la Sant\u00e9 d\u00e9ment cat\u00e9goriquement la validit\u00e9 d\u2019un rapport, qui circule sur les r\u00e9seaux sociaux, affirmant que de nouvelles mesures ont \u00e9t\u00e9 prises apr\u00e8s l\u2019am\u00e9lioration de la situation \u00e9pid\u00e9miologique. Dans un communiqu\u00e9 officiel diffus\u00e9 le 14 septembre, le minist\u00e8re de la Sant\u00e9 \u00ab\u00a0nie l\u2019authenticit\u00e9 des informations contenues dans Auteur: challenge Cliquez ici pour [&hellip;]<\/p>\n","protected":false},"author":1787,"featured_media":0,"comment_status":"closed","ping_status":"closed","sticky":false,"template":"","format":"standard","meta":{"fifu_image_url":"https:\/\/www.challenge.ma\/wp-content\/uploads\/2021\/03\/coronavirus-1.jpeg","fifu_image_alt":"Coronavirus. Le minist\u00e8re de la Sant\u00e9 d\u00e9ment la validit\u00e9 d\u2019un rapport sur de nouvelles mesures","footnotes":""},"categories":[78,54],"tags":[],"class_list":["post-127046","post","type-post","status-publish","format-standard","hentry","category-economie","category-maroc"],"_links":{"self":[{"href":"https:\/\/linitiative.ca\/International\/wp-json\/wp\/v2\/posts\/127046","targetHints":{"allow":["GET"]}}],"collection":[{"href":"https:\/\/linitiative.ca\/International\/wp-json\/wp\/v2\/posts"}],"about":[{"href":"https:\/\/linitiative.ca\/International\/wp-json\/wp\/v2\/types\/post"}],"author":[{"embeddable":true,"href":"https:\/\/linitiative.ca\/International\/wp-json\/wp\/v2\/users\/1787"}],"replies":[{"embeddable":true,"href":"https:\/\/linitiative.ca\/International\/wp-json\/wp\/v2\/comments?post=127046"}],"version-history":[{"count":0,"href":"https:\/\/linitiative.ca\/International\/wp-json\/wp\/v2\/posts\/127046\/revisions"}],"wp:attachment":[{"href":"https:\/\/linitiative.ca\/International\/wp-json\/wp\/v2\/media?parent=127046"}],"wp:term":[{"taxonomy":"category","embeddable":true,"href":"https:\/\/linitiative.ca\/International\/wp-json\/wp\/v2\/categories?post=127046"},{"taxonomy":"post_tag","embeddable":true,"href":"https:\/\/linitiative.ca\/International\/wp-json\/wp\/v2\/tags?post=127046"}],"curies":[{"name":"wp","href":"https:\/\/api.w.org\/{rel}","templated":true}]}}