{"id":127050,"date":"2021-09-14T17:09:30","date_gmt":"2021-09-14T21:09:30","guid":{"rendered":"https:\/\/linitiative.ca\/International\/pour-une-relance-africaine-verte-inclusive-et-resiliente\/"},"modified":"2021-09-14T17:09:30","modified_gmt":"2021-09-14T21:09:30","slug":"pour-une-relance-africaine-verte-inclusive-et-resiliente","status":"publish","type":"post","link":"https:\/\/linitiative.ca\/International\/pour-une-relance-africaine-verte-inclusive-et-resiliente\/","title":{"rendered":"Pour une relance africaine, verte, inclusive et r\u00e9siliente"},"content":{"rendered":"<div><img decoding=\"async\" width=\"555\" height=\"342\" src=\"https:\/\/linitiative.ca\/International\/wp-content\/uploads\/sites\/23\/2021\/09\/Sans-titre.jpg\" class=\"attachment-post-thumbnail size-post-thumbnail wp-post-image\" alt=\"\" loading=\"lazy\" srcset=\"https:\/\/linitiative.ca\/International\/wp-content\/uploads\/sites\/23\/2021\/09\/Sans-titre.jpg 555w, https:\/\/www.challenge.ma\/wp-content\/uploads\/2021\/09\/Sans-titre-300x185.jpg 300w, https:\/\/www.challenge.ma\/wp-content\/uploads\/2021\/09\/Sans-titre-360x222.jpg 360w\" sizes=\"auto, (max-width: 555px) 100vw, 555px\" itemprop=\"image\">Le contexte \u00ab\u00a0covidien\u00a0\u00bb est une opportunit\u00e9 pour lier \u00e9troitement les d\u00e9fis du d\u00e9veloppement en Afrique et la protection de l\u2019environnement. En amont de la COP26, des ONG et des experts africains se mobilisent pour sensibiliser les Etats Africains sur l\u2019urgence d\u2019agir pour faire face aux menaces croissantes dues en particulier<\/div>\n<p>Auteur: Mohamed Amine<br \/>\n<a href=\"https:\/\/www.challenge.ma\/pour-une-relance-africaine-verte-inclusive-et-resiliente-220887\/\">Cliquez ici pour lire l&rsquo;article depuis sa source.<\/a><\/p>\n","protected":false},"excerpt":{"rendered":"<p>Le contexte \u00ab\u00a0covidien\u00a0\u00bb est une opportunit\u00e9 pour lier \u00e9troitement les d\u00e9fis du d\u00e9veloppement en Afrique et la protection de l\u2019environnement. En amont de la COP26, des ONG et des experts africains se mobilisent pour sensibiliser les Etats Africains sur l\u2019urgence d\u2019agir pour faire face aux menaces croissantes dues en particulier Auteur: Mohamed Amine Cliquez ici [&hellip;]<\/p>\n","protected":false},"author":1787,"featured_media":0,"comment_status":"closed","ping_status":"closed","sticky":false,"template":"","format":"standard","meta":{"fifu_image_url":"https:\/\/www.challenge.ma\/wp-content\/uploads\/2021\/09\/Sans-titre.jpg","fifu_image_alt":"Pour une relance africaine, verte, inclusive et r\u00e9siliente","footnotes":""},"categories":[78,54],"tags":[],"class_list":["post-127050","post","type-post","status-publish","format-standard","hentry","category-economie","category-maroc"],"_links":{"self":[{"href":"https:\/\/linitiative.ca\/International\/wp-json\/wp\/v2\/posts\/127050","targetHints":{"allow":["GET"]}}],"collection":[{"href":"https:\/\/linitiative.ca\/International\/wp-json\/wp\/v2\/posts"}],"about":[{"href":"https:\/\/linitiative.ca\/International\/wp-json\/wp\/v2\/types\/post"}],"author":[{"embeddable":true,"href":"https:\/\/linitiative.ca\/International\/wp-json\/wp\/v2\/users\/1787"}],"replies":[{"embeddable":true,"href":"https:\/\/linitiative.ca\/International\/wp-json\/wp\/v2\/comments?post=127050"}],"version-history":[{"count":0,"href":"https:\/\/linitiative.ca\/International\/wp-json\/wp\/v2\/posts\/127050\/revisions"}],"wp:attachment":[{"href":"https:\/\/linitiative.ca\/International\/wp-json\/wp\/v2\/media?parent=127050"}],"wp:term":[{"taxonomy":"category","embeddable":true,"href":"https:\/\/linitiative.ca\/International\/wp-json\/wp\/v2\/categories?post=127050"},{"taxonomy":"post_tag","embeddable":true,"href":"https:\/\/linitiative.ca\/International\/wp-json\/wp\/v2\/tags?post=127050"}],"curies":[{"name":"wp","href":"https:\/\/api.w.org\/{rel}","templated":true}]}}