{"id":127053,"date":"2021-09-14T15:59:52","date_gmt":"2021-09-14T19:59:52","guid":{"rendered":"https:\/\/linitiative.ca\/International\/tunisie-kairouan-installation-dune-unite-mobile-pour-la-vaccination-anti-covid\/"},"modified":"2021-09-14T15:59:52","modified_gmt":"2021-09-14T19:59:52","slug":"tunisie-kairouan-installation-dune-unite-mobile-pour-la-vaccination-anti-covid","status":"publish","type":"post","link":"https:\/\/linitiative.ca\/International\/tunisie-kairouan-installation-dune-unite-mobile-pour-la-vaccination-anti-covid\/","title":{"rendered":"Tunisie \u2013 Kairouan\u00a0: Installation d\u2019une unit\u00e9 mobile pour la vaccination anti covid"},"content":{"rendered":"<div>\n<p>La municipalit\u00e9 de Kairouan a install\u00e9 devant le si\u00e8ge de l\u2019arrondissement municipal de la cit\u00e9 Ennasr, une unit\u00e9 mobile pour la vaccination anti covid. Et ce, avec l\u2019aide de l\u2019agence allemande de coop\u00e9ration, GIZ. Cette unit\u00e9 permettra de rapprocher le vaccin du citoyen et commencera \u00e0 \u00eatre fonctionnelle, \u00e0 partir de demain, le mercredi 15 [\u2026]<\/p>\n<p>L\u2019article <a href=\"https:\/\/www.tunisienumerique.com\/tunisie-kairouan-installation-dune-unite-mobile-pour-la-vaccination-anti-covid\/\">Tunisie \u2013 Kairouan\u00a0: Installation d\u2019une unit\u00e9 mobile pour la vaccination anti covid<\/a> est apparu en premier sur <a href=\"https:\/\/www.tunisienumerique.com\/\">Tunisie<\/a>.<\/p>\n<\/div>\n<p>Auteur: LM<br \/>\n<a href=\"https:\/\/www.tunisienumerique.com\/tunisie-kairouan-installation-dune-unite-mobile-pour-la-vaccination-anti-covid\/\">Cliquez ici pour lire l&rsquo;article depuis sa source.<\/a><\/p>\n","protected":false},"excerpt":{"rendered":"<p>La municipalit\u00e9 de Kairouan a install\u00e9 devant le si\u00e8ge de l\u2019arrondissement municipal de la cit\u00e9 Ennasr, une unit\u00e9 mobile pour la vaccination anti covid. Et ce, avec l\u2019aide de l\u2019agence allemande de coop\u00e9ration, GIZ. Cette unit\u00e9 permettra de rapprocher le vaccin du citoyen et commencera \u00e0 \u00eatre fonctionnelle, \u00e0 partir de demain, le mercredi 15 [&hellip;]<\/p>\n","protected":false},"author":1789,"featured_media":0,"comment_status":"closed","ping_status":"closed","sticky":false,"template":"","format":"standard","meta":{"fifu_image_url":"","fifu_image_alt":"","footnotes":""},"categories":[73,55],"tags":[],"class_list":["post-127053","post","type-post","status-publish","format-standard","hentry","category-actualite","category-tunisie"],"_links":{"self":[{"href":"https:\/\/linitiative.ca\/International\/wp-json\/wp\/v2\/posts\/127053","targetHints":{"allow":["GET"]}}],"collection":[{"href":"https:\/\/linitiative.ca\/International\/wp-json\/wp\/v2\/posts"}],"about":[{"href":"https:\/\/linitiative.ca\/International\/wp-json\/wp\/v2\/types\/post"}],"author":[{"embeddable":true,"href":"https:\/\/linitiative.ca\/International\/wp-json\/wp\/v2\/users\/1789"}],"replies":[{"embeddable":true,"href":"https:\/\/linitiative.ca\/International\/wp-json\/wp\/v2\/comments?post=127053"}],"version-history":[{"count":0,"href":"https:\/\/linitiative.ca\/International\/wp-json\/wp\/v2\/posts\/127053\/revisions"}],"wp:attachment":[{"href":"https:\/\/linitiative.ca\/International\/wp-json\/wp\/v2\/media?parent=127053"}],"wp:term":[{"taxonomy":"category","embeddable":true,"href":"https:\/\/linitiative.ca\/International\/wp-json\/wp\/v2\/categories?post=127053"},{"taxonomy":"post_tag","embeddable":true,"href":"https:\/\/linitiative.ca\/International\/wp-json\/wp\/v2\/tags?post=127053"}],"curies":[{"name":"wp","href":"https:\/\/api.w.org\/{rel}","templated":true}]}}