{"id":127054,"date":"2021-09-14T16:01:01","date_gmt":"2021-09-14T20:01:01","guid":{"rendered":"https:\/\/linitiative.ca\/International\/par-jawhar-chatty-lhorloge-ks-devra-etre-reglee-a-lheure-du-pays-et-du-peuple\/"},"modified":"2021-09-14T16:01:01","modified_gmt":"2021-09-14T20:01:01","slug":"par-jawhar-chatty-lhorloge-ks-devra-etre-reglee-a-lheure-du-pays-et-du-peuple","status":"publish","type":"post","link":"https:\/\/linitiative.ca\/International\/par-jawhar-chatty-lhorloge-ks-devra-etre-reglee-a-lheure-du-pays-et-du-peuple\/","title":{"rendered":"Par Jawhar Chatty : L\u2019horloge KS devra \u00eatre r\u00e9gl\u00e9e \u00e0 l\u2019heure du pays et du peuple."},"content":{"rendered":"<div>\n<p>Le 25 juillet 2021, le Pr\u00e9sident Kais Sa\u00efd a pris un \u00a0grand rendez-vous avec l\u2019Histoire. Son horloge \u00e9tait alors exactement celle du pays et du peuple. Cinquante jours se sont \u00e9coul\u00e9s depuis. \u00a0Aujourd\u2019hui, il est le seul ma\u00eetre du pays. Mais son horloge semble accuser un s\u00e9rieux d\u00e9phasage avec celle du peuple et du pays. [\u2026]<\/p>\n<p>L\u2019article <a href=\"https:\/\/www.tunisienumerique.com\/par-jawhar-chatty-lhorloge-ks-devra-etre-reglee-a-lheure-du-pays-et-du-peuple\/\">Par Jawhar Chatty : L\u2019horloge KS devra \u00eatre r\u00e9gl\u00e9e \u00e0 l\u2019heure du pays et du peuple.<\/a> est apparu en premier sur <a href=\"https:\/\/www.tunisienumerique.com\/\">Tunisie<\/a>.<\/p>\n<\/div>\n<p>Auteur: Tunisie Num\u00e9rique<br \/>\n<a href=\"https:\/\/www.tunisienumerique.com\/par-jawhar-chatty-lhorloge-ks-devra-etre-reglee-a-lheure-du-pays-et-du-peuple\/\">Cliquez ici pour lire l&rsquo;article depuis sa source.<\/a><\/p>\n","protected":false},"excerpt":{"rendered":"<p>Le 25 juillet 2021, le Pr\u00e9sident Kais Sa\u00efd a pris un \u00a0grand rendez-vous avec l\u2019Histoire. Son horloge \u00e9tait alors exactement celle du pays et du peuple. Cinquante jours se sont \u00e9coul\u00e9s depuis. \u00a0Aujourd\u2019hui, il est le seul ma\u00eetre du pays. Mais son horloge semble accuser un s\u00e9rieux d\u00e9phasage avec celle du peuple et du pays. [&hellip;]<\/p>\n","protected":false},"author":1789,"featured_media":0,"comment_status":"closed","ping_status":"closed","sticky":false,"template":"","format":"standard","meta":{"fifu_image_url":"","fifu_image_alt":"","footnotes":""},"categories":[73,55],"tags":[],"class_list":["post-127054","post","type-post","status-publish","format-standard","hentry","category-actualite","category-tunisie"],"_links":{"self":[{"href":"https:\/\/linitiative.ca\/International\/wp-json\/wp\/v2\/posts\/127054","targetHints":{"allow":["GET"]}}],"collection":[{"href":"https:\/\/linitiative.ca\/International\/wp-json\/wp\/v2\/posts"}],"about":[{"href":"https:\/\/linitiative.ca\/International\/wp-json\/wp\/v2\/types\/post"}],"author":[{"embeddable":true,"href":"https:\/\/linitiative.ca\/International\/wp-json\/wp\/v2\/users\/1789"}],"replies":[{"embeddable":true,"href":"https:\/\/linitiative.ca\/International\/wp-json\/wp\/v2\/comments?post=127054"}],"version-history":[{"count":0,"href":"https:\/\/linitiative.ca\/International\/wp-json\/wp\/v2\/posts\/127054\/revisions"}],"wp:attachment":[{"href":"https:\/\/linitiative.ca\/International\/wp-json\/wp\/v2\/media?parent=127054"}],"wp:term":[{"taxonomy":"category","embeddable":true,"href":"https:\/\/linitiative.ca\/International\/wp-json\/wp\/v2\/categories?post=127054"},{"taxonomy":"post_tag","embeddable":true,"href":"https:\/\/linitiative.ca\/International\/wp-json\/wp\/v2\/tags?post=127054"}],"curies":[{"name":"wp","href":"https:\/\/api.w.org\/{rel}","templated":true}]}}