{"id":127057,"date":"2021-09-14T08:00:00","date_gmt":"2021-09-14T12:00:00","guid":{"rendered":"https:\/\/linitiative.ca\/International\/assassinat-du-petit-berger-et-son-bourreau-a-kantchari-11-personnes-auditionnees-et-5-personnes-interpellees-et-gardees-a-vue\/"},"modified":"2021-09-14T08:00:00","modified_gmt":"2021-09-14T12:00:00","slug":"assassinat-du-petit-berger-et-son-bourreau-a-kantchari-11-personnes-auditionnees-et-5-personnes-interpellees-et-gardees-a-vue","status":"publish","type":"post","link":"https:\/\/linitiative.ca\/International\/assassinat-du-petit-berger-et-son-bourreau-a-kantchari-11-personnes-auditionnees-et-5-personnes-interpellees-et-gardees-a-vue\/","title":{"rendered":"Assassinat du petit berger et son bourreau \u00e0 Kantchari :11 personnes auditionn\u00e9es et 5 personnes interpell\u00e9es et gard\u00e9es \u00e0 vue"},"content":{"rendered":"<div>\n<p><strong>\ud835\uddd6<\/strong><strong>eci est un communiqu\u00e9 du Procureur du Faso pr\u00e8s le tribunal de grande instance de Diapaga<\/strong><\/p>\n<p style=\"text-align: left\">Le 05 septembre 2021 aux environs de douze heures quarante minutes (12h40mn), le Commandant de la Brigade Territoriale de Gendarmerie de Kantchari nous informait de la mort d\u2019un berger suite \u00e0 des d\u00e9g\u00e2ts caus\u00e9s par le troupeau de ce dernier au champ d\u2019un agriculteur, dans un hameau de culture du village de Boudi\u00e9ri, commune de Kantchari.<br \/>\nIl ajoutait que selon une source locale, la mort du berger serait cons\u00e9cutive \u00e0 des coups qu\u2019il aurait re\u00e7us de la part du propri\u00e9taire du champ.<br \/>\nComme suite \u00e0 cette information, des instructions ont \u00e9t\u00e9 donn\u00e9es \u00e0 l\u2019effet de se transporter sur les lieux, proc\u00e9der aux constations d\u2019usage et d\u2019ouvrir une enqu\u00eate circonstanci\u00e9e.<br \/>\nAinsi, le major du CSPS de Boudi\u00e9ri a \u00e9t\u00e9 requis afin d\u2019examiner le corps sans vie de la victime qui a \u00e9t\u00e9 identifi\u00e9e par la suite sous le nom de TANKOANO Tamba, \u00e2g\u00e9 de douze (12) ans environ et remise aux parents aux fins d\u2019inhumation.<br \/>\nAu lendemain de l\u2019enterrement, le 07 septembre 2021, la Brigade invitait les parents du d\u00e9funt pour les auditions.<br \/>\nA la m\u00eame date aux environs de sept heures trente minutes (7H30mn), un jeune du nom du OUALI Kpali, se pr\u00e9sentait \u00e0 ladite Brigade. De ses d\u00e9clarations, il ressortait un lien avec la mort de TANKOANO Tamba, mais comme il \u00e9tait gravement bless\u00e9, puisque son pouce gauche a \u00e9t\u00e9 amput\u00e9, il f\u00fbt conduit au centre m\u00e9dical de Kantchari sous la surveillance du Commandant de Brigade, d\u2019un de ses \u00e9l\u00e9ments et accompagn\u00e9 d\u2019un parent du suspect pour des soins avant son audition.<br \/>\nY \u00e9tant, un groupe de trois (03) personnes fait irruption ; alors que le bless\u00e9 ressortait et contre toute attente, un du groupe le rouait de coups de b\u00e2ton, les deux autres en faisaient autant avec des cailloux. C\u2019est ainsi qu\u2019il a \u00e9t\u00e9 battu \u00e0 mort. Son accompagnant quant \u00e0 lui a pu prendre la fuite. Le Commandant de Brigade pr\u00e9sent sur les lieux en voulant s\u2019interposer n\u2019a eu sa vie sauve que gr\u00e2ce \u00e0 des tirs de sommation. Les auteurs de ce crime ont profit\u00e9 prendre la fuite.<br \/>\nSur le compte rendu de ces faits, une nouvelle enqu\u00eate a \u00e9t\u00e9 ouverte. La victime identifi\u00e9e sous le nom de OUALI Kpali apr\u00e8s examen m\u00e9dical a \u00e9t\u00e9 remise pour inhumation.<br \/>\nAux termes des investigations, onze (11) personnes ont \u00e9t\u00e9 auditionn\u00e9es, cinq (05) interpell\u00e9es et gard\u00e9es \u00e0 vue pour leur participation et\/ou implication dans la survenance de ces \u00e9v\u00e8nements malheureux.<br \/>\nCes personnes ainsi interpell\u00e9es ont \u00e9t\u00e9 d\u00e9f\u00e9r\u00e9es \u00e0 notre parquet ce jour 13 septembre 2021. Au regard des diff\u00e9rentes pi\u00e8ces de la proc\u00e9dure, nous avons requis du juge d\u2019instruction l\u2019ouverture d\u2019une information judiciaire contre elles, pour des faits d\u2019assassinat, complicit\u00e9 d\u2019assassinat, tentative d\u2019assassinat, de r\u00e9bellion et d\u2019assistance aux criminels sur la bases des articles 122-1, 122-2, 122-4, 131-4, 131-5, 362-1, 362-2, 362-4, 363-1, 363-2, 363-3, 512-11 et 512-15 du code p\u00e9nal et leur placement sous mandat de d\u00e9p\u00f4t.<br \/>\nElles ont \u00e9t\u00e9 effectivement mises en examen pour ces chefs de pr\u00e9vention et plac\u00e9es sous mandat de d\u00e9p\u00f4t.<br \/>\nC\u2019est l\u2019occasion pour nous, d\u2019appeler les populations une fois de plus \u00e0 une franche collaboration avec les acteurs de la cha\u00eene p\u00e9nale pour un meilleur traitement des litiges p\u00e9naux, d\u2019une part et d\u2019autre part \u00e0 la tol\u00e9rance pour pr\u00e9server notre vivre ensemble.<br \/>\nEn ces moments douloureux, le Procureur du Faso, pr\u00e9sente ses condol\u00e9ances aux familles \u00e9plor\u00e9es et rassure que chacune des infractions relev\u00e9es sera trait\u00e9e avec la rigueur que la loi impose.<br \/>\n<strong>\u00a0 \u00a0 \u00a0 \u00a0 \u00a0 \u00a0 \u00a0 \u00a0 \u00a0 \u00a0 \u00a0 \u00a0 \u00a0 \u00a0 \u00a0 \u00a0 \u00a0 \u00a0 \u00a0 \u00a0 \u00a0 \u00a0 \u00a0 \u00a0 \u00a0 \u00a0 \u00a0 \u00a0 \u00a0 \u00a0 \u00a0 \u00a0 \u00a0 \u00a0 \u00a0 \u00a0 \u00a0 Fait \u00e0 Diapaga, le 13 septembre 2021<\/strong><\/p>\n<p style=\"text-align: right\">\n<strong>Le Procureur du Faso<\/strong><\/p>\n<p>L\u2019article <a rel=\"nofollow\" href=\"https:\/\/www.sidwaya.info\/blog\/2021\/09\/14\/communique-du-procureur-du-faso-pres-le-tribunal-de-grande-instance-de-diapaga\/\">Assassinat du petit berger et son bourreau \u00e0 Kantchari :11 personnes auditionn\u00e9es et 5 personnes interpell\u00e9es et gard\u00e9es \u00e0 vue<\/a> est apparu en premier sur <a rel=\"nofollow\" href=\"https:\/\/www.sidwaya.info\/\">Quotidien Sidwaya<\/a>.<\/p>\n<\/div>\n<p>Auteur: Wamini SIDWAYA<br \/>\n<a href=\"https:\/\/www.sidwaya.info\/blog\/2021\/09\/14\/communique-du-procureur-du-faso-pres-le-tribunal-de-grande-instance-de-diapaga\/\">Cliquez ici pour lire l&rsquo;article depuis sa source.<\/a><\/p>\n","protected":false},"excerpt":{"rendered":"<p>\ud835\uddd6eci est un communiqu\u00e9 du Procureur du Faso pr\u00e8s le tribunal de grande instance de Diapaga Le 05 septembre 2021 aux environs de douze heures quarante minutes (12h40mn), le Commandant de la Brigade Territoriale de Gendarmerie de Kantchari nous informait de la mort d\u2019un berger suite \u00e0 des d\u00e9g\u00e2ts caus\u00e9s par le troupeau de ce [&hellip;]<\/p>\n","protected":false},"author":1816,"featured_media":0,"comment_status":"closed","ping_status":"closed","sticky":false,"template":"","format":"standard","meta":{"fifu_image_url":"","fifu_image_alt":"","footnotes":""},"categories":[73,81],"tags":[],"class_list":["post-127057","post","type-post","status-publish","format-standard","hentry","category-actualite","category-burkina-faso"],"_links":{"self":[{"href":"https:\/\/linitiative.ca\/International\/wp-json\/wp\/v2\/posts\/127057","targetHints":{"allow":["GET"]}}],"collection":[{"href":"https:\/\/linitiative.ca\/International\/wp-json\/wp\/v2\/posts"}],"about":[{"href":"https:\/\/linitiative.ca\/International\/wp-json\/wp\/v2\/types\/post"}],"author":[{"embeddable":true,"href":"https:\/\/linitiative.ca\/International\/wp-json\/wp\/v2\/users\/1816"}],"replies":[{"embeddable":true,"href":"https:\/\/linitiative.ca\/International\/wp-json\/wp\/v2\/comments?post=127057"}],"version-history":[{"count":0,"href":"https:\/\/linitiative.ca\/International\/wp-json\/wp\/v2\/posts\/127057\/revisions"}],"wp:attachment":[{"href":"https:\/\/linitiative.ca\/International\/wp-json\/wp\/v2\/media?parent=127057"}],"wp:term":[{"taxonomy":"category","embeddable":true,"href":"https:\/\/linitiative.ca\/International\/wp-json\/wp\/v2\/categories?post=127057"},{"taxonomy":"post_tag","embeddable":true,"href":"https:\/\/linitiative.ca\/International\/wp-json\/wp\/v2\/tags?post=127057"}],"curies":[{"name":"wp","href":"https:\/\/api.w.org\/{rel}","templated":true}]}}