{"id":127058,"date":"2021-09-14T08:24:22","date_gmt":"2021-09-14T12:24:22","guid":{"rendered":"https:\/\/linitiative.ca\/International\/labellisation-de-koko-dunda-le-president-du-faso-felicite-les-acteurs\/"},"modified":"2021-09-14T08:24:22","modified_gmt":"2021-09-14T12:24:22","slug":"labellisation-de-koko-dunda-le-president-du-faso-felicite-les-acteurs","status":"publish","type":"post","link":"https:\/\/linitiative.ca\/International\/labellisation-de-koko-dunda-le-president-du-faso-felicite-les-acteurs\/","title":{"rendered":"Labellisation de Koko Dunda\u00a0: Le pr\u00e9sident du Faso f\u00e9licite les acteurs"},"content":{"rendered":"<div>\n<p>Le pagne Koko Dunda a \u00e9t\u00e9 labellis\u00e9 le lundi 13 septembre 2021 par le Minist\u00e8re de l\u2019Industrie, du Commerce et de l\u2019Artisanat \u00e0 Bobo Dioulasso.<\/p>\n<p>Pour le Pr\u00e9sident du Faso, Roch Marc Christian Kabore, la labellisation du pagne Koko Dunda constitue une avanc\u00e9e suppl\u00e9mentaire dans la protection et la promotion des produits fabriqu\u00e9s au Burkina Faso.<\/p>\n<p>Il a f\u00e9licit\u00e9 les productrices, producteurs et les acteurs du minist\u00e8re en charge du commerce pour l\u2019aboutissement de ce processus.<\/p>\n<p>En rappel, Koko Dunda est le quatri\u00e8me produit labellis\u00e9 au Burkina. Les autres produits sont le beurre de karit\u00e9, le chapeau de Sapon\u00e9 et Faso Danfani.<\/p>\n<p>Le poulet bicyclette est aussi de labellisation.<\/p>\n<p style=\"text-align: right\"><strong>La R\u00e9daction<\/strong><\/p>\n<p>L\u2019article <a rel=\"nofollow\" href=\"https:\/\/www.sidwaya.info\/blog\/2021\/09\/14\/labellisation-de-koko-dunda-le-president-du-faso-felicite-les-acteurs\/\">Labellisation de Koko Dunda\u00a0: Le pr\u00e9sident du Faso f\u00e9licite les acteurs<\/a> est apparu en premier sur <a rel=\"nofollow\" href=\"https:\/\/www.sidwaya.info\/\">Quotidien Sidwaya<\/a>.<\/p>\n<\/div>\n<p>Auteur: Wamini SIDWAYA<br \/>\n<a href=\"https:\/\/www.sidwaya.info\/blog\/2021\/09\/14\/labellisation-de-koko-dunda-le-president-du-faso-felicite-les-acteurs\/\">Cliquez ici pour lire l&rsquo;article depuis sa source.<\/a><\/p>\n","protected":false},"excerpt":{"rendered":"<p>Le pagne Koko Dunda a \u00e9t\u00e9 labellis\u00e9 le lundi 13 septembre 2021 par le Minist\u00e8re de l\u2019Industrie, du Commerce et de l\u2019Artisanat \u00e0 Bobo Dioulasso. Pour le Pr\u00e9sident du Faso, Roch Marc Christian Kabore, la labellisation du pagne Koko Dunda constitue une avanc\u00e9e suppl\u00e9mentaire dans la protection et la promotion des produits fabriqu\u00e9s au Burkina [&hellip;]<\/p>\n","protected":false},"author":1816,"featured_media":0,"comment_status":"closed","ping_status":"closed","sticky":false,"template":"","format":"standard","meta":{"fifu_image_url":"","fifu_image_alt":"","footnotes":""},"categories":[73,81],"tags":[],"class_list":["post-127058","post","type-post","status-publish","format-standard","hentry","category-actualite","category-burkina-faso"],"_links":{"self":[{"href":"https:\/\/linitiative.ca\/International\/wp-json\/wp\/v2\/posts\/127058","targetHints":{"allow":["GET"]}}],"collection":[{"href":"https:\/\/linitiative.ca\/International\/wp-json\/wp\/v2\/posts"}],"about":[{"href":"https:\/\/linitiative.ca\/International\/wp-json\/wp\/v2\/types\/post"}],"author":[{"embeddable":true,"href":"https:\/\/linitiative.ca\/International\/wp-json\/wp\/v2\/users\/1816"}],"replies":[{"embeddable":true,"href":"https:\/\/linitiative.ca\/International\/wp-json\/wp\/v2\/comments?post=127058"}],"version-history":[{"count":0,"href":"https:\/\/linitiative.ca\/International\/wp-json\/wp\/v2\/posts\/127058\/revisions"}],"wp:attachment":[{"href":"https:\/\/linitiative.ca\/International\/wp-json\/wp\/v2\/media?parent=127058"}],"wp:term":[{"taxonomy":"category","embeddable":true,"href":"https:\/\/linitiative.ca\/International\/wp-json\/wp\/v2\/categories?post=127058"},{"taxonomy":"post_tag","embeddable":true,"href":"https:\/\/linitiative.ca\/International\/wp-json\/wp\/v2\/tags?post=127058"}],"curies":[{"name":"wp","href":"https:\/\/api.w.org\/{rel}","templated":true}]}}