{"id":127059,"date":"2021-09-14T08:42:42","date_gmt":"2021-09-14T12:42:42","guid":{"rendered":"https:\/\/linitiative.ca\/International\/commune-de-mangodara-un-dozo-tue-a-mouroukoudougou\/"},"modified":"2021-09-14T08:42:42","modified_gmt":"2021-09-14T12:42:42","slug":"commune-de-mangodara-un-dozo-tue-a-mouroukoudougou","status":"publish","type":"post","link":"https:\/\/linitiative.ca\/International\/commune-de-mangodara-un-dozo-tue-a-mouroukoudougou\/","title":{"rendered":"Commune de Mangodara\u00a0: un dozo tu\u00e9 \u00e0 Mouroukoudougou"},"content":{"rendered":"<div>\n<p style=\"text-align: justify;line-height: 14.65pt;background: white\"><span style=\"font-size: 10.0pt;font-family: 'Helvetica',sans-serif;color: #222222\">Dans la nuit du 13 au 14 septembre 2021 des individus arm\u00e9s non identifi\u00e9s ont attaqu\u00e9 le village de\u00a0\u00a0Mouroukoudougou dans la commune de Mangodara. Selon des sources locales, ils seraient quatre individus arm\u00e9s \u00e0 moto qui ont p\u00e9n\u00e9tr\u00e9 dans le village. A l\u2019issue de la d\u00e9b\u00e2cle et du tohubohu qui s\u2019en est suivi, un dozo a \u00e9t\u00e9 abattu. Apr\u00e8s leur forfait, ces individus arm\u00e9s non identifi\u00e9s se sont volatilis\u00e9s dans la nature laissant derri\u00e8re eux la population toujours dans la peur et la psychose. Certains habitants auraient fui le village depuis la nuit et se seraient refugi\u00e9s dans d\u2019autres localit\u00e9s de la commune. Le quotidien des populations dans cette commune rurale est devenu un calvaire avec des attaques terroristes r\u00e9p\u00e9t\u00e9es qui enregistrent de plus en plus de victimes. Cette commune enregistrerait actuellement environ 2000 personnes d\u00e9plac\u00e9es accueillies \u00e0 Mangodara et les villages qui l\u2019entourent.<\/span><\/p>\n<p style=\"text-align: justify;line-height: 14.65pt;background: white\"><span style=\"font-size: 10.0pt;font-family: 'Helvetica',sans-serif;color: #222222\">\u00a0\u00a0\u00a0\u00a0\u00a0\u00a0\u00a0\u00a0\u00a0\u00a0\u00a0\u00a0\u00a0\u00a0\u00a0\u00a0\u00a0\u00a0\u00a0\u00a0\u00a0\u00a0\u00a0\u00a0\u00a0\u00a0\u00a0\u00a0\u00a0\u00a0\u00a0\u00a0\u00a0\u00a0\u00a0\u00a0\u00a0\u00a0\u00a0\u00a0\u00a0\u00a0\u00a0\u00a0\u00a0\u00a0\u00a0\u00a0\u00a0\u00a0\u00a0\u00a0\u00a0\u00a0\u00a0\u00a0\u00a0\u00a0\u00a0\u00a0\u00a0\u00a0\u00a0\u00a0\u00a0\u00a0\u00a0\u00a0\u00a0\u00a0\u00a0\u00a0\u00a0\u00a0\u00a0\u00a0\u00a0\u00a0\u00a0\u00a0\u00a0\u00a0\u00a0\u00a0\u00a0\u00a0\u00a0\u00a0\u00a0\u00a0\u00a0\u00a0\u00a0\u00a0\u00a0\u00a0\u00a0\u00a0\u00a0\u00a0\u00a0\u00a0\u00a0\u00a0\u00a0\u00a0\u00a0\u00a0\u00a0\u00a0\u00a0\u00a0\u00a0\u00a0\u00a0\u00a0\u00a0\u00a0\u00a0\u00a0\u00a0\u00a0\u00a0\u00a0\u00a0\u00a0\u00a0\u00a0\u00a0\u00a0\u00a0\u00a0\u00a0\u00a0\u00a0\u00a0\u00a0\u00a0\u00a0\u00a0\u00a0\u00a0\u00a0<b><u>M. Y.<\/u><\/b><\/span><\/p>\n<p>L\u2019article <a rel=\"nofollow\" href=\"https:\/\/www.sidwaya.info\/blog\/2021\/09\/14\/commune-de-mangodara-un-dozo-tue-a-mouroukoudougou\/\">Commune de Mangodara\u00a0: un dozo tu\u00e9 \u00e0 Mouroukoudougou<\/a> est apparu en premier sur <a rel=\"nofollow\" href=\"https:\/\/www.sidwaya.info\/\">Quotidien Sidwaya<\/a>.<\/p>\n<\/div>\n<p>Auteur: Wamini SIDWAYA<br \/>\n<a href=\"https:\/\/www.sidwaya.info\/blog\/2021\/09\/14\/commune-de-mangodara-un-dozo-tue-a-mouroukoudougou\/\">Cliquez ici pour lire l&rsquo;article depuis sa source.<\/a><\/p>\n","protected":false},"excerpt":{"rendered":"<p>Dans la nuit du 13 au 14 septembre 2021 des individus arm\u00e9s non identifi\u00e9s ont attaqu\u00e9 le village de\u00a0\u00a0Mouroukoudougou dans la commune de Mangodara. Selon des sources locales, ils seraient quatre individus arm\u00e9s \u00e0 moto qui ont p\u00e9n\u00e9tr\u00e9 dans le village. A l\u2019issue de la d\u00e9b\u00e2cle et du tohubohu qui s\u2019en est suivi, un dozo [&hellip;]<\/p>\n","protected":false},"author":1816,"featured_media":0,"comment_status":"closed","ping_status":"closed","sticky":false,"template":"","format":"standard","meta":{"fifu_image_url":"","fifu_image_alt":"","footnotes":""},"categories":[73,81],"tags":[],"class_list":["post-127059","post","type-post","status-publish","format-standard","hentry","category-actualite","category-burkina-faso"],"_links":{"self":[{"href":"https:\/\/linitiative.ca\/International\/wp-json\/wp\/v2\/posts\/127059","targetHints":{"allow":["GET"]}}],"collection":[{"href":"https:\/\/linitiative.ca\/International\/wp-json\/wp\/v2\/posts"}],"about":[{"href":"https:\/\/linitiative.ca\/International\/wp-json\/wp\/v2\/types\/post"}],"author":[{"embeddable":true,"href":"https:\/\/linitiative.ca\/International\/wp-json\/wp\/v2\/users\/1816"}],"replies":[{"embeddable":true,"href":"https:\/\/linitiative.ca\/International\/wp-json\/wp\/v2\/comments?post=127059"}],"version-history":[{"count":0,"href":"https:\/\/linitiative.ca\/International\/wp-json\/wp\/v2\/posts\/127059\/revisions"}],"wp:attachment":[{"href":"https:\/\/linitiative.ca\/International\/wp-json\/wp\/v2\/media?parent=127059"}],"wp:term":[{"taxonomy":"category","embeddable":true,"href":"https:\/\/linitiative.ca\/International\/wp-json\/wp\/v2\/categories?post=127059"},{"taxonomy":"post_tag","embeddable":true,"href":"https:\/\/linitiative.ca\/International\/wp-json\/wp\/v2\/tags?post=127059"}],"curies":[{"name":"wp","href":"https:\/\/api.w.org\/{rel}","templated":true}]}}