{"id":127060,"date":"2021-09-14T08:55:21","date_gmt":"2021-09-14T12:55:21","guid":{"rendered":"https:\/\/linitiative.ca\/International\/burkina-suspension-des-operations-foncieres-dans-la-commune-de-saaba\/"},"modified":"2021-09-14T08:55:21","modified_gmt":"2021-09-14T12:55:21","slug":"burkina-suspension-des-operations-foncieres-dans-la-commune-de-saaba","status":"publish","type":"post","link":"https:\/\/linitiative.ca\/International\/burkina-suspension-des-operations-foncieres-dans-la-commune-de-saaba\/","title":{"rendered":"Burkina\u00a0: Suspension des op\u00e9rations fonci\u00e8res dans la commune de Saaba"},"content":{"rendered":"<div>\n<p>Conform\u00e9ment aux dispositions de la rencontre tenue le 27 ao\u00fbt 2021, et en attendant les r\u00e9sultats des travaux de l\u2019inspection technique, il est port\u00e9 \u00e0 la connaissance de la population que toutes op\u00e9rations fonci\u00e8res entreprises par la soci\u00e9t\u00e9 nationale d\u2019am\u00e9nagement de terrains urbains (SONATUR), en collaboration avec la commune de Saaba, sont suspendus jusqu\u2019\u00e0 nouvel ordre.<\/p>\n<p><img decoding=\"async\" loading=\"lazy\" class=\"alignnone wp-image-39506 size-full\" src=\"https:\/\/linitiative.ca\/International\/wp-content\/uploads\/sites\/23\/2021\/09\/ph-foncier.jpg\" alt=\"\" width=\"509\" height=\"743\" srcset=\"https:\/\/linitiative.ca\/International\/wp-content\/uploads\/sites\/23\/2021\/09\/ph-foncier.jpg 509w, https:\/\/www.sidwaya.info\/wp-content\/uploads\/2021\/09\/ph-foncier-206x300.jpg 206w, https:\/\/www.sidwaya.info\/wp-content\/uploads\/2021\/09\/ph-foncier-150x219.jpg 150w, https:\/\/www.sidwaya.info\/wp-content\/uploads\/2021\/09\/ph-foncier-300x438.jpg 300w, https:\/\/www.sidwaya.info\/wp-content\/uploads\/2021\/09\/ph-foncier-288x420.jpg 288w\" sizes=\"auto, (max-width: 509px) 100vw, 509px\"><\/p>\n<p>\u00a0<\/p>\n<p><strong>\u00a0<\/strong><\/p>\n<p>L\u2019article <a rel=\"nofollow\" href=\"https:\/\/www.sidwaya.info\/blog\/2021\/09\/14\/burkina-suspension-des-operations-foncieres-dans-la-commune-de-saaba\/\">Burkina\u00a0: Suspension des op\u00e9rations fonci\u00e8res dans la commune de Saaba<\/a> est apparu en premier sur <a rel=\"nofollow\" href=\"https:\/\/www.sidwaya.info\/\">Quotidien Sidwaya<\/a>.<\/p>\n<\/div>\n<p>Auteur: Wamini SIDWAYA<br \/>\n<a href=\"https:\/\/www.sidwaya.info\/blog\/2021\/09\/14\/burkina-suspension-des-operations-foncieres-dans-la-commune-de-saaba\/\">Cliquez ici pour lire l&rsquo;article depuis sa source.<\/a><\/p>\n","protected":false},"excerpt":{"rendered":"<p>Conform\u00e9ment aux dispositions de la rencontre tenue le 27 ao\u00fbt 2021, et en attendant les r\u00e9sultats des travaux de l\u2019inspection technique, il est port\u00e9 \u00e0 la connaissance de la population que toutes op\u00e9rations fonci\u00e8res entreprises par la soci\u00e9t\u00e9 nationale d\u2019am\u00e9nagement de terrains urbains (SONATUR), en collaboration avec la commune de Saaba, sont suspendus jusqu\u2019\u00e0 nouvel [&hellip;]<\/p>\n","protected":false},"author":1816,"featured_media":0,"comment_status":"closed","ping_status":"closed","sticky":false,"template":"","format":"standard","meta":{"fifu_image_url":"https:\/\/www.sidwaya.info\/wp-content\/uploads\/2021\/09\/ph-foncier.jpg","fifu_image_alt":"Burkina\u00a0: Suspension des op\u00e9rations fonci\u00e8res dans la commune de Saaba","footnotes":""},"categories":[73,81],"tags":[],"class_list":["post-127060","post","type-post","status-publish","format-standard","hentry","category-actualite","category-burkina-faso"],"_links":{"self":[{"href":"https:\/\/linitiative.ca\/International\/wp-json\/wp\/v2\/posts\/127060","targetHints":{"allow":["GET"]}}],"collection":[{"href":"https:\/\/linitiative.ca\/International\/wp-json\/wp\/v2\/posts"}],"about":[{"href":"https:\/\/linitiative.ca\/International\/wp-json\/wp\/v2\/types\/post"}],"author":[{"embeddable":true,"href":"https:\/\/linitiative.ca\/International\/wp-json\/wp\/v2\/users\/1816"}],"replies":[{"embeddable":true,"href":"https:\/\/linitiative.ca\/International\/wp-json\/wp\/v2\/comments?post=127060"}],"version-history":[{"count":0,"href":"https:\/\/linitiative.ca\/International\/wp-json\/wp\/v2\/posts\/127060\/revisions"}],"wp:attachment":[{"href":"https:\/\/linitiative.ca\/International\/wp-json\/wp\/v2\/media?parent=127060"}],"wp:term":[{"taxonomy":"category","embeddable":true,"href":"https:\/\/linitiative.ca\/International\/wp-json\/wp\/v2\/categories?post=127060"},{"taxonomy":"post_tag","embeddable":true,"href":"https:\/\/linitiative.ca\/International\/wp-json\/wp\/v2\/tags?post=127060"}],"curies":[{"name":"wp","href":"https:\/\/api.w.org\/{rel}","templated":true}]}}