{"id":127062,"date":"2021-09-14T09:55:44","date_gmt":"2021-09-14T13:55:44","guid":{"rendered":"https:\/\/linitiative.ca\/International\/fondation-gates-le-rapport-annuel-goalkeepers-revele-de-fortes-disparites-dans-les-impacts-de-la-covid-19\/"},"modified":"2021-09-14T09:55:44","modified_gmt":"2021-09-14T13:55:44","slug":"fondation-gates-le-rapport-annuel-goalkeepers-revele-de-fortes-disparites-dans-les-impacts-de-la-covid-19","status":"publish","type":"post","link":"https:\/\/linitiative.ca\/International\/fondation-gates-le-rapport-annuel-goalkeepers-revele-de-fortes-disparites-dans-les-impacts-de-la-covid-19\/","title":{"rendered":"Fondation Gates: Le rapport annuel\u00a0Goalkeepers\u00a0 r\u00e9v\u00e8le de fortes disparit\u00e9s dans les impacts de la\u00a0COVID-19\u00a0"},"content":{"rendered":"<div>\n<p><strong><em>De nouvelles donn\u00e9es r\u00e9v\u00e8lent que le\u00a0monde s\u2019est mobilis\u00e9 pour \u00e9viter que les pires sc\u00e9narios ne se\u00a0produisent ;\u00a0elles soulignent la n\u00e9cessit\u00e9 d\u2019investissements \u00e0 long terme pour garantir une reprise \u00e9quitable et\u00a0des progr\u00e8s continus\u00a0vers les objectifs mondiaux.<\/em><\/strong><b>\u00a0Ci-dessous le communiqu\u00e9 de presse.<\/b><\/p>\n<p><strong>\u00a0<\/strong>SEATTLE (13 septembre 2021)\u00a0\u2013\u00a0La\u00a0Fondation Bill &amp; Melinda Gates a\u00a0d\u00e9voil\u00e9\u00a0 son cinqui\u00e8me\u00a0<a href=\"https:\/\/www.gatesfoundation.org\/goalkeepers\/report\/2021-report\">rapport annuel\u00a0Goalkeepers<\/a>, contenant un ensemble de donn\u00e9es mondiales mis \u00e0 jour illustrant l\u2019impact n\u00e9gatif de la pand\u00e9mie sur les progr\u00e8s vers les objectifs de d\u00e9veloppement durable des Nations Unies (Objectifs mondiaux).<\/p>\n<p>Le rapport de cette ann\u00e9e, co\u00e9crit\u00a0par Bill Gates et Melinda French Gates, copr\u00e9sidents de la Fondation Bill &amp; Melinda Gates, montre que les disparit\u00e9s caus\u00e9es par\u00a0la\u00a0COVID-19 restent flagrantes, et que ceux qui ont \u00e9t\u00e9 les plus durement touch\u00e9s par la pand\u00e9mie seront les plus lents \u00e0 se remettre. En raison de la\u00a0COVID-19, 31 millions de personnes suppl\u00e9mentaires ont \u00e9t\u00e9 plong\u00e9es dans l\u2019extr\u00eame pauvret\u00e9 en 2020 par rapport \u00e0 2019. Et tandis que 90 % des\u00a0pays \u00e0\u00a0\u00e9conomies avanc\u00e9es retrouveront les niveaux de revenu par habitant d\u2019avant la pand\u00e9mie d\u2019ici l\u2019ann\u00e9e prochaine, seul un tiers des \u00e9conomies \u00e0 revenu faible et interm\u00e9diaire devraient le faire.<\/p>\n<p>Heureusement, face \u00e0 cette catastrophe, le monde s\u2019est mobilis\u00e9 pour \u00e9viter certains des pires sc\u00e9narios. Dans le rapport\u00a0Goalkeepers\u00a0de l\u2019ann\u00e9e derni\u00e8re, l\u2019Institute for\u00a0Health\u00a0Metrics\u00a0and\u00a0Evaluation\u00a0(IHME) pr\u00e9voyait une baisse de 14 points de pourcentage de la couverture vaccinale mondiale, effa\u00e7ant ainsi 25 ans de progr\u00e8s en 25 semaines. Une nouvelle analyse de l\u2019IHME d\u00e9montre que la baisse, bien qu\u2019inacceptable, ne repr\u00e9sente que la moiti\u00e9 de ce qui avait \u00e9t\u00e9 pr\u00e9vu.<\/p>\n<p>Dans le rapport, les copr\u00e9sidents soulignent\u00a0\u00ab\u202fl\u2019innovation \u00e0 couper le souffle\u202f\u00bb\u00a0qui n\u2019a \u00e9t\u00e9 possible que gr\u00e2ce \u00e0 la collaboration, \u00e0 l\u2019engagement et aux investissements mondiaux au cours des d\u00e9cennies. Ils reconnaissent qu\u2019il est louable d\u2019\u00e9viter les pires sc\u00e9narios, mais ils notent que ce n\u2019est pas suffisant.\u00a0Pour garantir une reprise v\u00e9ritablement \u00e9quitable apr\u00e8s la pand\u00e9mie, ils appellent \u00e0 des investissements \u00e0 long terme dans la sant\u00e9 et les \u00e9conomies, comme ceux qui ont conduit au d\u00e9veloppement rapide du vaccin\u00a0contre la\u00a0COVID-19, afin de stimuler les efforts de reprise et de remettre le monde sur la voie de la r\u00e9alisation des objectifs mondiaux.<\/p>\n<p>\u00ab\u202f[L\u2019ann\u00e9e \u00e9coul\u00e9e] a renforc\u00e9 notre conviction que des avanc\u00e9es sont possibles mais pas in\u00e9vitables\u202f\u00bb, \u00e9crivent les copr\u00e9sidents.\u00a0\u00ab\u202fSi nous pouvons amplifier le meilleur de ce que nous avons vu ces 18 derniers mois, nous pourrons enfin faire une croix sur la pand\u00e9mie et acc\u00e9l\u00e9rer \u00e0 nouveau les progr\u00e8s dans la r\u00e9solution de probl\u00e8mes fondamentaux comme la sant\u00e9, la faim et le changement climatique.\u202f\u00bb<\/p>\n<p>Le rapport souligne l\u2019impact \u00e9conomique disproportionn\u00e9 que la pand\u00e9mie a eu sur les femmes dans le monde. Dans les pays \u00e0 revenu \u00e9lev\u00e9 comme dans les pays \u00e0 faible revenu, les femmes ont \u00e9t\u00e9 plus durement touch\u00e9es que les hommes par la r\u00e9cession mondiale d\u00e9clench\u00e9e par la pand\u00e9mie.<\/p>\n<p>\u00ab\u202fLes femmes sont confront\u00e9es \u00e0 des obstacles structurels dans tous les coins du monde, ce qui les rend plus vuln\u00e9rables aux impacts de la pand\u00e9mie\u202f\u00bb, a d\u00e9clar\u00e9 Melinda French Gates.\u00a0\u00ab\u202fEn investissant maintenant dans la promotion de la femme\u00a0et en s\u2019attaquant \u00e0 ces in\u00e9galit\u00e9s, les gouvernements peuvent stimuler une reprise plus \u00e9quitable tout en renfor\u00e7ant leurs \u00e9conomies contre les crises futures. Ce n\u2019est pas seulement la bonne chose \u00e0 faire, mais une politique intelligente qui profitera \u00e0 tous.\u202f\u00bb<\/p>\n<p>Le rapport illustre \u00e9galement comment le soi-disant \u00ab miracle \u00bb des vaccins\u00a0contre la\u00a0COVID-19 est le r\u00e9sultat de d\u00e9cennies d\u2019investissements, de politiques et de partenariats qui ont \u00e9tabli l\u2019infrastructure, les talents et les \u00e9cosyst\u00e8mes n\u00e9cessaires pour les d\u00e9ployer rapidement. Cependant, les syst\u00e8mes qui ont permis le d\u00e9veloppement et le d\u00e9ploiement sans pr\u00e9c\u00e9dent du vaccin\u00a0contre la\u00a0COVID-19 existent principalement dans les pays riches et, par cons\u00e9quent, le monde\u00a0entier\u00a0n\u2019en a pas b\u00e9n\u00e9fici\u00e9 de la m\u00eame mani\u00e8re.<\/p>\n<p>\u00ab\u202fLe manque d\u2019acc\u00e8s \u00e9quitable aux vaccins\u00a0contre la\u00a0COVID-19 est une trag\u00e9die de sant\u00e9 publique\u202f\u00bb, a d\u00e9clar\u00e9 Bill Gates.\u00a0\u00ab\u202fNous sommes confront\u00e9s au risque tr\u00e8s r\u00e9el qu\u2019\u00e0 l\u2019avenir, les pays et communaut\u00e9s riches commencent \u00e0 traiter la\u00a0COVID-19 comme une autre maladie de la pauvret\u00e9. Nous ne pourrons pas mettre la pand\u00e9mie derri\u00e8re nous tant que tout le monde, quel que soit son lieu de r\u00e9sidence, n\u2019aura pas acc\u00e8s aux vaccins.\u202f\u00bb<\/p>\n<p>Plus de 80 % de tous les vaccins\u00a0contre la\u00a0COVID-19 ont \u00e9t\u00e9 administr\u00e9s \u00e0 ce jour dans les pays \u00e0 revenu \u00e9lev\u00e9 et interm\u00e9diaire sup\u00e9rieur, certains assurant deux \u00e0 trois fois le nombre n\u00e9cessaire pour pouvoir couvrir les rappels ; moins de 1% des doses ont \u00e9t\u00e9 administr\u00e9es dans les pays \u00e0 faible revenu. De plus, le vaccin\u00a0contre la\u00a0COVID-19 a \u00e9t\u00e9 fortement\u00a0associ\u00e9\u00a0aux\u00a0endroits o\u00f9 il existe des capacit\u00e9s de\u00a0recherche et d\u00e9veloppement\u00a0et de fabrication de vaccins. Bien que l\u2019Afrique abrite 17 % de la population mondiale, par exemple, elle poss\u00e8de moins de 1 % des capacit\u00e9s mondiales de fabrication de vaccins.<\/p>\n<p>En fin de compte, le rapport appelle le monde \u00e0 investir dans la\u00a0recherche et le d\u00e9veloppement, les infrastructures et l\u2019innovation dans des endroits plus proches des personnes qui pourraient en b\u00e9n\u00e9ficier.<\/p>\n<p>\u00ab Nous devons investir dans des partenariats\u00a0locaux pour renforcer la capacit\u00e9 des chercheurs et des fabricants des pays \u00e0 faible revenu \u00e0 cr\u00e9er les vaccins et les m\u00e9dicaments dont ils ont besoin \u00bb, a d\u00e9clar\u00e9 Mark\u00a0Suzman,\u00a0PDG de la Fondation Gates. \u00ab\u202fLa seule fa\u00e7on de r\u00e9soudre nos plus grands d\u00e9fis en mati\u00e8re de sant\u00e9 est de tirer parti de l\u2019innovation et du talent de personnes du monde entier.\u202f\u00bb<\/p>\n<p><strong>A\u00a0propos de la\u00a0Fondation Bill &amp; Melinda Gates<\/strong><\/p>\n<p>Guid\u00e9e par la conviction que toutes les vies humaines ont une valeur \u00e9gale, la Fondation Bill &amp; Melinda Gates a pour vocation d\u2019aider chaque \u00eatre humain \u00e0 mener une vie saine et productive. Dans les pays en voie de d\u00e9veloppement, la fondation se focalise sur les actions susceptibles d\u2019am\u00e9liorer la sant\u00e9 des populations, et de leur donner les moyens de lutter contre la faim et l\u2019extr\u00eame pauvret\u00e9. Aux \u00c9tats-Unis, elle vise \u00e0 garantir que tous, particuli\u00e8rement les plus d\u00e9munis, aient acc\u00e8s aux opportunit\u00e9s n\u00e9cessaires pour r\u00e9ussir \u00e0 l\u2019\u00e9cole, comme dans la vie.<\/p>\n<p>Bas\u00e9e \u00e0 Seattle, dans l\u2019\u00e9tat de Washington, la Fondation est pr\u00e9sid\u00e9e par son PDG, Mark\u00a0Suzman, sous l\u2019\u00e9gide\u00a0de Bill Gates et Melinda French Gates.<\/p>\n<p><strong>A\u00a0propos\u00a0de\u00a0Goalkeepers<\/strong><\/p>\n<p>Goalkeepers\u00a0est la campagne lanc\u00e9e par la fondation pour acc\u00e9l\u00e9rer le progr\u00e8s en mati\u00e8re de r\u00e9alisation des Objectifs de D\u00e9veloppement Durable (Objectifs Mondiaux). En partageant les r\u00e9cits et les donn\u00e9es \u00e9manant des Objectifs Mondiaux au moyen d\u2019un rapport annuel, nous esp\u00e9rons inspirer une nouvelle g\u00e9n\u00e9ration de dirigeants \u2013 appel\u00e9s les\u00a0Goalkeepers\u00a0\u2013 qui vont sensibiliser le public aux progr\u00e8s, demander des comptes \u00e0 leur responsable et mener des initiatives pour atteindre les Objectifs Mondiaux.<\/p>\n<p><strong>A\u00a0propos des\u00a0Objectifs\u00a0Mondiaux<\/strong><\/p>\n<p>Le 25 septembre\u00a02015, au si\u00e8ge des Nations Unies \u00e0 New York, 193 dirigeants mondiaux se sont engag\u00e9s envers les 17\u00a0<a href=\"https:\/\/www.un.org\/sustainabledevelopment\/sustainable-development-goals\/\">objectifs de d\u00e9veloppement durable<\/a>\u00a0(objectifs\u00a0mondiaux). Il s\u2019agit d\u2019une s\u00e9rie d\u2019objectifs et de cibles ambitieux\u00a0visant \u00e0\u00a0r\u00e9aliser trois choses extraordinaires d\u2019ici 2030\u202f: mettre fin \u00e0 la pauvret\u00e9, lutter contre les in\u00e9galit\u00e9s et l\u2019injustice et rem\u00e9dier au changement climatique.<\/p>\n<p><strong>Contact m\u00e9dias<\/strong>\u00a0:\u00a0<a href=\"mailto:media@gatesfoundation.org\">media@gatesfoundation.org<\/a><u>\u00a0<\/u><\/p>\n<p><strong>Lien du rapport<\/strong>\u202f:\u00a0<a href=\"https:\/\/www.gatesfoundation.org\/goalkeepers\/report\/2021-report\/\">https:\/\/www.gatesfoundation.org\/goalkeepers\/report\/2021-report\/<\/a><u>\u00a0<\/u><\/p>\n<p><strong>Visuels\u00a0du rapport<\/strong>\u202f:\u00a0<a href=\"http:\/\/gatesfoundation.isebox.net\/goalkeepers\/goalkeepers-report-2021\">visuels du rapport<\/a><\/p>\n<p>\u00a0<\/p>\n<p>L\u2019article <a rel=\"nofollow\" href=\"https:\/\/www.sidwaya.info\/blog\/2021\/09\/14\/fondation-gates-le-rapport-annuel-goalkeepers-revele-de-fortes-disparites-dans-les-impacts-de-la-covid-19\/\">Fondation Gates: Le rapport annuel\u00a0Goalkeepers\u00a0 r\u00e9v\u00e8le de fortes disparit\u00e9s dans les impacts de la\u00a0COVID-19\u00a0<\/a> est apparu en premier sur <a rel=\"nofollow\" href=\"https:\/\/www.sidwaya.info\/\">Quotidien Sidwaya<\/a>.<\/p>\n<\/div>\n<p>Auteur: BS. Sidwaya<br \/>\n<a href=\"https:\/\/www.sidwaya.info\/blog\/2021\/09\/14\/fondation-gates-le-rapport-annuel-goalkeepers-revele-de-fortes-disparites-dans-les-impacts-de-la-covid-19\/\">Cliquez ici pour lire l&rsquo;article depuis sa source.<\/a><\/p>\n","protected":false},"excerpt":{"rendered":"<p>De nouvelles donn\u00e9es r\u00e9v\u00e8lent que le\u00a0monde s\u2019est mobilis\u00e9 pour \u00e9viter que les pires sc\u00e9narios ne se\u00a0produisent ;\u00a0elles soulignent la n\u00e9cessit\u00e9 d\u2019investissements \u00e0 long terme pour garantir une reprise \u00e9quitable et\u00a0des progr\u00e8s continus\u00a0vers les objectifs mondiaux.\u00a0Ci-dessous le communiqu\u00e9 de presse. \u00a0SEATTLE (13 septembre 2021)\u00a0\u2013\u00a0La\u00a0Fondation Bill &amp; Melinda Gates a\u00a0d\u00e9voil\u00e9\u00a0 son cinqui\u00e8me\u00a0rapport annuel\u00a0Goalkeepers, contenant un ensemble de [&hellip;]<\/p>\n","protected":false},"author":1816,"featured_media":0,"comment_status":"closed","ping_status":"closed","sticky":false,"template":"","format":"standard","meta":{"fifu_image_url":"","fifu_image_alt":"","footnotes":""},"categories":[73,81],"tags":[],"class_list":["post-127062","post","type-post","status-publish","format-standard","hentry","category-actualite","category-burkina-faso"],"_links":{"self":[{"href":"https:\/\/linitiative.ca\/International\/wp-json\/wp\/v2\/posts\/127062","targetHints":{"allow":["GET"]}}],"collection":[{"href":"https:\/\/linitiative.ca\/International\/wp-json\/wp\/v2\/posts"}],"about":[{"href":"https:\/\/linitiative.ca\/International\/wp-json\/wp\/v2\/types\/post"}],"author":[{"embeddable":true,"href":"https:\/\/linitiative.ca\/International\/wp-json\/wp\/v2\/users\/1816"}],"replies":[{"embeddable":true,"href":"https:\/\/linitiative.ca\/International\/wp-json\/wp\/v2\/comments?post=127062"}],"version-history":[{"count":0,"href":"https:\/\/linitiative.ca\/International\/wp-json\/wp\/v2\/posts\/127062\/revisions"}],"wp:attachment":[{"href":"https:\/\/linitiative.ca\/International\/wp-json\/wp\/v2\/media?parent=127062"}],"wp:term":[{"taxonomy":"category","embeddable":true,"href":"https:\/\/linitiative.ca\/International\/wp-json\/wp\/v2\/categories?post=127062"},{"taxonomy":"post_tag","embeddable":true,"href":"https:\/\/linitiative.ca\/International\/wp-json\/wp\/v2\/tags?post=127062"}],"curies":[{"name":"wp","href":"https:\/\/api.w.org\/{rel}","templated":true}]}}