{"id":127063,"date":"2021-09-14T12:37:52","date_gmt":"2021-09-14T16:37:52","guid":{"rendered":"https:\/\/linitiative.ca\/International\/cameroun-panique-a-lautorite-portuaire-suite-a-une-decouverte-de-fetiches\/"},"modified":"2021-09-14T12:37:52","modified_gmt":"2021-09-14T16:37:52","slug":"cameroun-panique-a-lautorite-portuaire-suite-a-une-decouverte-de-fetiches","status":"publish","type":"post","link":"https:\/\/linitiative.ca\/International\/cameroun-panique-a-lautorite-portuaire-suite-a-une-decouverte-de-fetiches\/","title":{"rendered":"Cameroun : panique \u00e0 l\u2019Autorit\u00e9 portuaire suite \u00e0 une d\u00e9couverte de f\u00e9tiches"},"content":{"rendered":"<div>\n<p><img loading=\"lazy\" decoding=\"async\" width=\"1500\" height=\"652\" src=\"https:\/\/linitiative.ca\/International\/wp-content\/uploads\/sites\/23\/2021\/09\/Le-personnel-de-lAPN.jpg\" class=\"attachment-post-thumbnail size-post-thumbnail wp-post-image\" alt=\"\" srcset=\"https:\/\/linitiative.ca\/International\/wp-content\/uploads\/sites\/23\/2021\/09\/Le-personnel-de-lAPN.jpg 1500w, https:\/\/www.journalducameroun.com\/wp-content\/uploads\/2021\/09\/Le-personnel-de-lAPN-300x130.jpg 300w, https:\/\/www.journalducameroun.com\/wp-content\/uploads\/2021\/09\/Le-personnel-de-lAPN-768x334.jpg 768w, https:\/\/www.journalducameroun.com\/wp-content\/uploads\/2021\/09\/Le-personnel-de-lAPN-1024x445.jpg 1024w, https:\/\/www.journalducameroun.com\/wp-content\/uploads\/2021\/09\/Le-personnel-de-lAPN-1012x440.jpg 1012w, https:\/\/www.journalducameroun.com\/wp-content\/uploads\/2021\/09\/Le-personnel-de-lAPN-600x261.jpg 600w\" sizes=\"auto, (max-width: 1500px) 100vw, 1500px\"><\/p>\n<h5 style=\"text-align: justify;\"><span style=\"font-size: 12pt;\">Retrouv\u00e9es au premier \u00e9tage de l\u2019immeuble abritant les services de l\u2019APN \u00e0 Yaound\u00e9, ces f\u00e9tiches cr\u00e9ent la psychose au sein de la structure. Amenant le Directeur g\u00e9n\u00e9ral \u00e0 prendre ce 14 septembre 2021, des \u00ab\u00a0mesures exceptionnelles\u00a0\u00bb de s\u00e9curit\u00e9.<\/span><\/h5>\n<p style=\"text-align: justify;\">\n<p style=\"text-align: justify;\">\n<p style=\"text-align: justify;\"><span style=\"font-size: 12pt;\">Ce n\u2019est plus la qui\u00e9tude des jours ordinaires \u00e0 l\u2019Autorit\u00e9 portuaire nationale\u00a0 (APN). Depuis la d\u00e9couverte il y a quelques heures des f\u00e9tiches dans les bureaux de l&rsquo;<strong>APN<\/strong> au 1<sup>er<\/sup> \u00e9tage, le <strong>Dr Louis Eboupeke<\/strong>, \u00a0Directeur g\u00e9n\u00e9ral a \u00e9dict\u00e9 ce jour des \u00ab\u00a0<em>mesures exceptionnelles<\/em>\u00a0\u00bb pr\u00e9cise-t-il \u00ab\u00a0d&rsquo;application imm\u00e9diate\u00a0\u00bb.<\/span><\/p>\n<p style=\"text-align: justify;\"><span style=\"font-size: 12pt;\">Ainsi, au si\u00e8ge de l\u2019APN, situ\u00e9 au Boulevard du 20 mai, Immeuble CAA il a \u00e9t\u00e9 d\u00e9cid\u00e9 ce qui suit\u00a0:<\/span><\/p>\n<ol style=\"text-align: justify;\">\n<li><span style=\"font-size: 12pt;\">L\u2019heure d&#8217;embauche \u00e9tant 7h 30mn, l&rsquo;acc\u00e8s \u00e0 l&rsquo;immeuble et dans les bureaux est interdit avant 7h 00, sauf d\u00e9rogation expresse et \u00e9crite du Directeur G\u00e9n\u00e9ral<\/span><\/li>\n<li><span style=\"font-size: 12pt;\">Les bureaux (1e et 4eme \u00e9tages) doivent dor\u00e9navant \u00eatre herm\u00e9tiquement ferm\u00e9s \u00e0 la fin de la journ\u00e9e de travail, de lundi \u00e0 vendredi au plus tard \u00e0 19h, et les agents de s\u00e9curit\u00e9 doivent faire la ronde de leurs \u00e9tages respectifs afin de s&rsquo;assurer qu&rsquo;aucun agent n&rsquo;est plus au bureau, sauf autorisation du Directeur G\u00e9n\u00e9ral;<\/span><\/li>\n<li><span style=\"font-size: 12pt;\">Aucun acc\u00e8s dans l&rsquo;immeuble ni aux bureaux de l&rsquo;APN n&rsquo;est plus autoris\u00e9 le week-end quelle que soit la raison sauf d\u00e9rogation \u00e9crite du Directeur G\u00e9n\u00e9ral;<\/span><\/li>\n<li><span style=\"font-size: 12pt;\">Les agents de s\u00e9curit\u00e9 \u00e9tant d\u00e9sormais post\u00e9s en duo, l&rsquo;un d&rsquo;entre eux devra proc\u00e9der syst\u00e9matiquement et sans discrimination aucune \u00e0 la fouille de tous les sacs des agents \u00e0 leur arriv\u00e9e immeuble autant de fois que ceux-ci sortent et\/ou rentrent<\/span><\/li>\n<\/ol>\n<p style=\"text-align: justify;\"><span style=\"font-size: 12pt;\">Ces mesures visent \u00e0 emp\u00eacher que des pratiques mystiques fassent leur lit dans cet \u00e9tablissement public \u00e0 caract\u00e8re administratif et Technique. Bras s\u00e9culier de l\u2019Etat pour la mise en \u0153uvre de la politique portuaire nationale, L\u2019APN a par ailleurs pour r\u00f4le de coordonner et suivre es activit\u00e9s portuaires et assurer \u00a0la promotion de l\u2019espace portuaire camerounais.<\/span><\/p>\n<p>Cet article <a rel=\"nofollow\" href=\"https:\/\/www.journalducameroun.com\/cameroun-panique-a-lautorite-portuaire-suite-a-une-decouverte-de-fetiches\/\">Cameroun : panique \u00e0 l\u2019Autorit\u00e9 portuaire suite \u00e0 une d\u00e9couverte de f\u00e9tiches<\/a> est apparu en premier sur <a rel=\"nofollow\" href=\"https:\/\/www.journalducameroun.com\/\">Journal du Cameroun<\/a>.<\/p>\n<\/div>\n<p>Auteur: Christian DJIMADEU<br \/>\n<a href=\"https:\/\/www.journalducameroun.com\/cameroun-panique-a-lautorite-portuaire-suite-a-une-decouverte-de-fetiches\/\">Cliquez ici pour lire l&rsquo;article depuis sa source.<\/a><\/p>\n","protected":false},"excerpt":{"rendered":"<p>Retrouv\u00e9es au premier \u00e9tage de l\u2019immeuble abritant les services de l\u2019APN \u00e0 Yaound\u00e9, ces f\u00e9tiches cr\u00e9ent la psychose au sein de la structure. Amenant le Directeur g\u00e9n\u00e9ral \u00e0 prendre ce 14 septembre 2021, des \u00ab\u00a0mesures exceptionnelles\u00a0\u00bb de s\u00e9curit\u00e9. Ce n\u2019est plus la qui\u00e9tude des jours ordinaires \u00e0 l\u2019Autorit\u00e9 portuaire nationale\u00a0 (APN). Depuis la d\u00e9couverte il [&hellip;]<\/p>\n","protected":false},"author":1965,"featured_media":0,"comment_status":"closed","ping_status":"closed","sticky":false,"template":"","format":"standard","meta":{"fifu_image_url":"https:\/\/www.journalducameroun.com\/wp-content\/uploads\/2021\/09\/Le-personnel-de-lAPN.jpg","fifu_image_alt":"Cameroun : panique \u00e0 l\u2019Autorit\u00e9 portuaire suite \u00e0 une d\u00e9couverte de f\u00e9tiches","footnotes":""},"categories":[73,82],"tags":[],"class_list":["post-127063","post","type-post","status-publish","format-standard","hentry","category-actualite","category-cameroun"],"_links":{"self":[{"href":"https:\/\/linitiative.ca\/International\/wp-json\/wp\/v2\/posts\/127063","targetHints":{"allow":["GET"]}}],"collection":[{"href":"https:\/\/linitiative.ca\/International\/wp-json\/wp\/v2\/posts"}],"about":[{"href":"https:\/\/linitiative.ca\/International\/wp-json\/wp\/v2\/types\/post"}],"author":[{"embeddable":true,"href":"https:\/\/linitiative.ca\/International\/wp-json\/wp\/v2\/users\/1965"}],"replies":[{"embeddable":true,"href":"https:\/\/linitiative.ca\/International\/wp-json\/wp\/v2\/comments?post=127063"}],"version-history":[{"count":0,"href":"https:\/\/linitiative.ca\/International\/wp-json\/wp\/v2\/posts\/127063\/revisions"}],"wp:attachment":[{"href":"https:\/\/linitiative.ca\/International\/wp-json\/wp\/v2\/media?parent=127063"}],"wp:term":[{"taxonomy":"category","embeddable":true,"href":"https:\/\/linitiative.ca\/International\/wp-json\/wp\/v2\/categories?post=127063"},{"taxonomy":"post_tag","embeddable":true,"href":"https:\/\/linitiative.ca\/International\/wp-json\/wp\/v2\/tags?post=127063"}],"curies":[{"name":"wp","href":"https:\/\/api.w.org\/{rel}","templated":true}]}}