{"id":127065,"date":"2021-09-14T13:18:02","date_gmt":"2021-09-14T17:18:02","guid":{"rendered":"https:\/\/linitiative.ca\/International\/democratie-le-malawi-distingue-a-lonu\/"},"modified":"2021-09-14T13:18:02","modified_gmt":"2021-09-14T17:18:02","slug":"democratie-le-malawi-distingue-a-lonu","status":"publish","type":"post","link":"https:\/\/linitiative.ca\/International\/democratie-le-malawi-distingue-a-lonu\/","title":{"rendered":"D\u00e9mocratie: le Malawi distingu\u00e9 \u00e0 l\u2019ONU"},"content":{"rendered":"<div>\n<p><img loading=\"lazy\" decoding=\"async\" width=\"250\" height=\"200\" src=\"https:\/\/linitiative.ca\/International\/wp-content\/uploads\/sites\/23\/2021\/09\/16316398826801.jpg\" class=\"attachment-post-thumbnail size-post-thumbnail wp-post-image\" alt=\"\"><\/p>\n<p>Le pr\u00e9sident du Malawi, Lazarus Chakwera, recevra la semaine prochaine un prix de la d\u00e9mocratie en marge de la 76e Assembl\u00e9e g\u00e9n\u00e9rale des Nations Unies \u00e0 New York, a appris APA ce lundi.Le porte-parole de la pr\u00e9sidence, Sean Kampondeni, a d\u00e9clar\u00e9 que l&rsquo;Institut Afrique-Am\u00e9rique d\u00e9cerne chaque ann\u00e9e un prix prestigieux \u00e0 un pays dont les habitants \u00ab ont apport\u00e9 une contribution significative \u00e0 la cause de la d\u00e9mocratie \u00bb.<\/p>\n<p>\u00ab Cette ann\u00e9e, le laur\u00e9at de l&rsquo;Institut Afrique-Am\u00e9rique est le peuple malawite et il a donc \u00e9t\u00e9 demand\u00e9 au pr\u00e9sident d&rsquo;accepter ce prix \u00bb, a dit M. Kampondeni aux journalistes lors du point de presse bimensuel du gouvernement.<\/p>\n<p>Il a ajout\u00e9 que le pr\u00e9sident assistera \u00e0 cette c\u00e9r\u00e9monie et prononcera un discours d&rsquo;acceptation devant les d\u00e9l\u00e9gu\u00e9s venus du monde entier afin de rendre cet honneur sp\u00e9cial au peuple malawite pour sa r\u00e9silience au cours des deux derni\u00e8res ann\u00e9es.<\/p>\n<p>Cette r\u00e9compense intervient plus d&rsquo;un an apr\u00e8s que les Malawites ont protest\u00e9 avec succ\u00e8s contre les resultats d&rsquo;un scrutin pr\u00e9sidentiel organis\u00e9 en mai 2019 et remport\u00e9 par l&rsquo;ancien pr\u00e9sident Peter Mutharika.<\/p>\n<p>Les protestations et la contestation judiciaire ont abouti \u00e0 l&rsquo;annulation des r\u00e9sultats de la pr\u00e9sidentielle et entra\u00een\u00e9 de nouvelles \u00e9lections, remport\u00e9es par Chakwera en juin 2020.<\/p>\n<p>Cet article <a rel=\"nofollow\" href=\"https:\/\/www.journalducameroun.com\/democratie-le-malawi-distingue-a-lonu\/\">D\u00e9mocratie: le Malawi distingu\u00e9 \u00e0 l\u2019ONU<\/a> est apparu en premier sur <a rel=\"nofollow\" href=\"https:\/\/www.journalducameroun.com\/\">Journal du Cameroun<\/a>.<\/p>\n<\/div>\n<p>Auteur: APA News<br \/>\n<a href=\"https:\/\/www.journalducameroun.com\/democratie-le-malawi-distingue-a-lonu\/\">Cliquez ici pour lire l&rsquo;article depuis sa source.<\/a><\/p>\n","protected":false},"excerpt":{"rendered":"<p>Le pr\u00e9sident du Malawi, Lazarus Chakwera, recevra la semaine prochaine un prix de la d\u00e9mocratie en marge de la 76e Assembl\u00e9e g\u00e9n\u00e9rale des Nations Unies \u00e0 New York, a appris APA ce lundi.Le porte-parole de la pr\u00e9sidence, Sean Kampondeni, a d\u00e9clar\u00e9 que l&rsquo;Institut Afrique-Am\u00e9rique d\u00e9cerne chaque ann\u00e9e un prix prestigieux \u00e0 un pays dont les [&hellip;]<\/p>\n","protected":false},"author":1965,"featured_media":0,"comment_status":"closed","ping_status":"closed","sticky":false,"template":"","format":"standard","meta":{"fifu_image_url":"https:\/\/www.journalducameroun.com\/wp-content\/uploads\/2021\/09\/16316398826801.jpg","fifu_image_alt":"D\u00e9mocratie: le Malawi distingu\u00e9 \u00e0 l\u2019ONU","footnotes":""},"categories":[73,82],"tags":[],"class_list":["post-127065","post","type-post","status-publish","format-standard","hentry","category-actualite","category-cameroun"],"_links":{"self":[{"href":"https:\/\/linitiative.ca\/International\/wp-json\/wp\/v2\/posts\/127065","targetHints":{"allow":["GET"]}}],"collection":[{"href":"https:\/\/linitiative.ca\/International\/wp-json\/wp\/v2\/posts"}],"about":[{"href":"https:\/\/linitiative.ca\/International\/wp-json\/wp\/v2\/types\/post"}],"author":[{"embeddable":true,"href":"https:\/\/linitiative.ca\/International\/wp-json\/wp\/v2\/users\/1965"}],"replies":[{"embeddable":true,"href":"https:\/\/linitiative.ca\/International\/wp-json\/wp\/v2\/comments?post=127065"}],"version-history":[{"count":0,"href":"https:\/\/linitiative.ca\/International\/wp-json\/wp\/v2\/posts\/127065\/revisions"}],"wp:attachment":[{"href":"https:\/\/linitiative.ca\/International\/wp-json\/wp\/v2\/media?parent=127065"}],"wp:term":[{"taxonomy":"category","embeddable":true,"href":"https:\/\/linitiative.ca\/International\/wp-json\/wp\/v2\/categories?post=127065"},{"taxonomy":"post_tag","embeddable":true,"href":"https:\/\/linitiative.ca\/International\/wp-json\/wp\/v2\/tags?post=127065"}],"curies":[{"name":"wp","href":"https:\/\/api.w.org\/{rel}","templated":true}]}}