{"id":127069,"date":"2021-09-14T13:18:02","date_gmt":"2021-09-14T17:18:02","guid":{"rendered":"https:\/\/linitiative.ca\/International\/le-rwanda-veut-planter-43-millions-darbres\/"},"modified":"2021-09-14T13:18:02","modified_gmt":"2021-09-14T17:18:02","slug":"le-rwanda-veut-planter-43-millions-darbres","status":"publish","type":"post","link":"https:\/\/linitiative.ca\/International\/le-rwanda-veut-planter-43-millions-darbres\/","title":{"rendered":"Le Rwanda veut planter 43 millions d\u2019arbres"},"content":{"rendered":"<div>\n<p><img loading=\"lazy\" decoding=\"async\" width=\"250\" height=\"200\" src=\"https:\/\/linitiative.ca\/International\/wp-content\/uploads\/sites\/23\/2021\/09\/16316398821069.jpg\" class=\"attachment-post-thumbnail size-post-thumbnail wp-post-image\" alt=\"\"><\/p>\n<p>La campagne de reboisement pr\u00e9vue d&rsquo;ici \u00e0 octobre prochain vise \u00e0 reverdir la capitale, Kigali.Selon la ministre rwandaise de l&rsquo;Environnement, Jeanne d&rsquo;Arc Mujawamariya, ces effort entrent dans le cadre de la lutte contre la d\u00e9sertification, alors que le pays cherche \u00e0 restaurer deux millions d&rsquo;hectares de terres d\u00e9grad\u00e9es d&rsquo;ici 2030.<\/p>\n<p>En 2011, le Rwanda a \u00e9t\u00e9 le premier pays d&rsquo;Afrique \u00e0 s&rsquo;engager \u00e0 restaurer des terres dans le cadre du d\u00e9fi de Bonn. Le d\u00e9fi de Bonn, lanc\u00e9 alors par l&rsquo;Union internationale pour la conservation de la nature (UICN) et le minist\u00e8re f\u00e9d\u00e9ral allemand de l&rsquo;Environnement, vise \u00e0 restaurer 150 millions d&rsquo;hectares avant 2020 et 350 millions d&rsquo;hectares d&rsquo;ici \u00e0 2030.<\/p>\n<p>En adoptant la restauration des paysages forestiers comme strat\u00e9gie pour inverser la d\u00e9gradation g\u00e9n\u00e9ralis\u00e9e et r\u00e9animer le pouvoir naturel des biens et services \u00e9cosyst\u00e9miques, le Rwanda a obtenu le soutien des donateurs ainsi que des investissements priv\u00e9s pour tenir son engagement.<\/p>\n<p>Le pays s&rsquo;est engag\u00e9 \u00e0 reboiser deux millions d&rsquo;hectares de terres d\u00e9bois\u00e9es et d\u00e9grad\u00e9es, soit 80% de sa superficie totale.<\/p>\n<p>Cet article <a rel=\"nofollow\" href=\"https:\/\/www.journalducameroun.com\/le-rwanda-veut-planter-43-millions-darbres\/\">Le Rwanda veut planter 43 millions d\u2019arbres<\/a> est apparu en premier sur <a rel=\"nofollow\" href=\"https:\/\/www.journalducameroun.com\/\">Journal du Cameroun<\/a>.<\/p>\n<\/div>\n<p>Auteur: APA News<br \/>\n<a href=\"https:\/\/www.journalducameroun.com\/le-rwanda-veut-planter-43-millions-darbres\/\">Cliquez ici pour lire l&rsquo;article depuis sa source.<\/a><\/p>\n","protected":false},"excerpt":{"rendered":"<p>La campagne de reboisement pr\u00e9vue d&rsquo;ici \u00e0 octobre prochain vise \u00e0 reverdir la capitale, Kigali.Selon la ministre rwandaise de l&rsquo;Environnement, Jeanne d&rsquo;Arc Mujawamariya, ces effort entrent dans le cadre de la lutte contre la d\u00e9sertification, alors que le pays cherche \u00e0 restaurer deux millions d&rsquo;hectares de terres d\u00e9grad\u00e9es d&rsquo;ici 2030. En 2011, le Rwanda a [&hellip;]<\/p>\n","protected":false},"author":1965,"featured_media":0,"comment_status":"closed","ping_status":"closed","sticky":false,"template":"","format":"standard","meta":{"fifu_image_url":"https:\/\/www.journalducameroun.com\/wp-content\/uploads\/2021\/09\/16316398821069.jpg","fifu_image_alt":"Le Rwanda veut planter 43 millions d\u2019arbres","footnotes":""},"categories":[73,82],"tags":[],"class_list":["post-127069","post","type-post","status-publish","format-standard","hentry","category-actualite","category-cameroun"],"_links":{"self":[{"href":"https:\/\/linitiative.ca\/International\/wp-json\/wp\/v2\/posts\/127069","targetHints":{"allow":["GET"]}}],"collection":[{"href":"https:\/\/linitiative.ca\/International\/wp-json\/wp\/v2\/posts"}],"about":[{"href":"https:\/\/linitiative.ca\/International\/wp-json\/wp\/v2\/types\/post"}],"author":[{"embeddable":true,"href":"https:\/\/linitiative.ca\/International\/wp-json\/wp\/v2\/users\/1965"}],"replies":[{"embeddable":true,"href":"https:\/\/linitiative.ca\/International\/wp-json\/wp\/v2\/comments?post=127069"}],"version-history":[{"count":0,"href":"https:\/\/linitiative.ca\/International\/wp-json\/wp\/v2\/posts\/127069\/revisions"}],"wp:attachment":[{"href":"https:\/\/linitiative.ca\/International\/wp-json\/wp\/v2\/media?parent=127069"}],"wp:term":[{"taxonomy":"category","embeddable":true,"href":"https:\/\/linitiative.ca\/International\/wp-json\/wp\/v2\/categories?post=127069"},{"taxonomy":"post_tag","embeddable":true,"href":"https:\/\/linitiative.ca\/International\/wp-json\/wp\/v2\/tags?post=127069"}],"curies":[{"name":"wp","href":"https:\/\/api.w.org\/{rel}","templated":true}]}}