{"id":127075,"date":"2021-09-14T11:54:22","date_gmt":"2021-09-14T15:54:22","guid":{"rendered":"https:\/\/linitiative.ca\/International\/archives-nationales-les-travaux-de-rehabilitation-entames-depuis-2-ans-pour-5-milliards-pietinent-toujours\/"},"modified":"2021-09-14T11:54:22","modified_gmt":"2021-09-14T15:54:22","slug":"archives-nationales-les-travaux-de-rehabilitation-entames-depuis-2-ans-pour-5-milliards-pietinent-toujours","status":"publish","type":"post","link":"https:\/\/linitiative.ca\/International\/archives-nationales-les-travaux-de-rehabilitation-entames-depuis-2-ans-pour-5-milliards-pietinent-toujours\/","title":{"rendered":"Archives nationales : les travaux de r\u00e9habilitation entam\u00e9s depuis 2 ans pour 5 milliards pi\u00e9tinent toujours"},"content":{"rendered":"<div>\n<p>Les palissades install\u00e9es par la China Machineray engineering company (CMEC) renseigne d\u2019embl\u00e9e des activit\u00e9s qui se d\u00e9roulent sur le site abritant les archives nationales du Cameroun. A l\u2019Int\u00e9rieur, des ouvriers s\u2019activent sur un chantier de construction. Certains de ces travailleurs appartiennent \u00e0 la compagnie chinoise CMEC et d\u2019autres aux bureaux d\u2019\u00e9tude Bati Concept et Ama consultant, toutes trois retenues en avril 2016 pour le projet de r\u00e9habilitations des locaux abritant les archives nationales.<\/p>\n<p>La structure en construction commence certes \u00e0 prendre forme, mais la livraison de l\u2019ouvrage n\u2019est visiblement pas imminente. Le 27 mai 2019, le ministre des arts et de la culture Pierre Ismael Bidoung Mkpatt annon\u00e7ait pourtant des travaux devant s\u2019\u00e9taler sur 16 mois. A cette \u00e9poque, le projet de r\u00e9habilitation des locaux abritant les archives nationales \u00e9tait pr\u00e9sent\u00e9 comme la mat\u00e9rialisation de l\u2019engagement de notre pays \u00e0 assurer la pr\u00e9servation et la s\u00e9curisation p\u00e9renne de la documentation, ceci dans le cadre du plan de sauvetage engag\u00e9 la m\u00eame ann\u00e9e pour sortir nos archives de l\u2019orni\u00e8re dans laquelle elle se trouvait.<\/p>\n<p>Seulement plus de deux ans apr\u00e8s, les camerounais continuent de s\u2019interroger sur le sort r\u00e9serv\u00e9 aux 5 milliards d\u00e9bours\u00e9s par le contribuable et affect\u00e9s \u00e0 ce projet. Ce d\u2019autant plus que la question des archives demeure un sujet qui peine \u00e0 trouver une r\u00e9ponse au sein de l\u2019opinion. Fin juin notamment, des images vraisemblablement prises au Cameroun et pr\u00e9sentant des archives dans des conditions de conservation extr\u00eamement inqui\u00e9tantes ont fait irruption sur la toile, suscitant indignation et interrogations quant au traitement r\u00e9serv\u00e9 \u00e0 notre m\u00e9moire collective.<\/p>\n<p>Au-del\u00e0 de ces \u00e9cueils, les sp\u00e9cialistes de la documentation questionne, eux, la strat\u00e9gie choisie par le Cameroun, qui de leur avis, ne r\u00e9soudra de sit\u00f4t le probl\u00e8me de la conservation du patrimoine documentaire. \u00ab Le c\u0153ur m\u00eame d\u2019un service d\u2019archives c\u2019est sa capacit\u00e9 \u00e0 accueillir, fait noter \u00e0 cet effet Lo\u00efc Simo, sp\u00e9cialiste en documentation. Car il faut le savoir, l\u2019ensemble des administrations publiques sont cens\u00e9es, selon l\u2019Arr\u00eat\u00e9 no 4325 du 02 juillet 1952, y transf\u00e9rer leur archives. Ce qui signifie qu\u2019il faut de l\u2019espace pour cela or le projet de r\u00e9habilitation en cours est au 75% constitu\u00e9 de bureaux. On parle de pr\u00e8s de 1149 agents \u00e0 recruter et \u00e0 caser. O\u00f9 seront dispos\u00e9s les documents collect\u00e9s s\u2019il n\u2019y a pas assez d\u2019espace pr\u00e9vu \u00e0 cet effet \u00bb.<\/p>\n<p>Selon les pr\u00e9visions de ces derniers, la r\u00e9habilitation des locaux des archives nationales ne devrait pas consid\u00e9rablement fluidifier le flux de documents devant circuler entre les archives nationales et les administrations publiques. \u00ab Il nous faut plus de magasins de stockage et de traitement. Vous imaginez une production documentaire qui ne peut pas \u00eatre revers\u00e9e car il n\u2019y a pas assez d\u2019espace ? \u00c7a bouche non seulement les archives, mais aussi les services publics \u00bb, ajoute notre sp\u00e9cialiste. Depuis lors, ces professionnels militent pour une diversification g\u00e9ographique des centres qui devront accorder la part belle aux magasins de stockage et de traitement.<\/p>\n<p>Aux archives nationales, la pr\u00e9occupation de ces professionnels est balay\u00e9e d\u2019un revers de la main. Ici, l\u2019on se r\u00e9jouit de la prise de conscience des autorit\u00e9s camerounaises qui est \u00ab un pas dans la bonne direction \u00bb. \u00ab C\u2019est un v\u00e9ritable d\u00e9fi dans un pays comme le n\u00f4tre de r\u00e9ussir \u00e0 d\u00e9montrer aux pouvoirs publics qu\u2019il est important de prioriser les politiques archivistiques \u00e0 c\u00f4t\u00e9 des autres actions naturellement prioritaires telles que la sant\u00e9, l\u2019\u00e9ducation ou les autres infrastructures de communication, dans un contexte de raret\u00e9 des ressources, affirme un responsable de la structure sous anonymat. Le Cameroun dispose d\u2019un plan de sauvetage de ses archives. C\u2019est \u00e0 saluer. Le reste viendra petit \u00e0 petit \u00bb.<\/p>\n<p>En attendant la mise en place compl\u00e8te de ce programme qui pr\u00e9voit outre la r\u00e9habilitation des centres des archives de Douala et de Buea, la construction de 10 annexes dans les dix chefs-lieux de r\u00e9gions du pays, l\u2019histoire du Cameroun consign\u00e9e dans ses archives continue de baigner dans la pr\u00e9carit\u00e9. Plus que jamais, la livraison du premier ouvrage contenu dans le plan de sauvetage des archives est vivement attendue.<\/p>\n<p>L\u2019article <a rel=\"nofollow\" href=\"https:\/\/ecomatin.net\/archives-nationales-les-travaux-x-de-rehabilitation-entames-depuis-2-ans-pour-5-milliards-pietinent-toujours\/\">Archives nationales : les travaux de r\u00e9habilitation entam\u00e9s depuis 2 ans pour 5 milliards pi\u00e9tinent toujours<\/a> est apparu en premier sur <a rel=\"nofollow\" href=\"https:\/\/ecomatin.net\/\">EcoMatin<\/a>.<\/p>\n<\/div>\n<p>Auteur: Franck KUN<br \/>\n<a href=\"https:\/\/ecomatin.net\/archives-nationales-les-travaux-x-de-rehabilitation-entames-depuis-2-ans-pour-5-milliards-pietinent-toujours\/\">Cliquez ici pour lire l&rsquo;article depuis sa source.<\/a><\/p>\n","protected":false},"excerpt":{"rendered":"<p>Les palissades install\u00e9es par la China Machineray engineering company (CMEC) renseigne d\u2019embl\u00e9e des activit\u00e9s qui se d\u00e9roulent sur le site abritant les archives nationales du Cameroun. A l\u2019Int\u00e9rieur, des ouvriers s\u2019activent sur un chantier de construction. Certains de ces travailleurs appartiennent \u00e0 la compagnie chinoise CMEC et d\u2019autres aux bureaux d\u2019\u00e9tude Bati Concept et Ama [&hellip;]<\/p>\n","protected":false},"author":1969,"featured_media":0,"comment_status":"closed","ping_status":"closed","sticky":false,"template":"","format":"standard","meta":{"fifu_image_url":"","fifu_image_alt":"","footnotes":""},"categories":[82,78],"tags":[],"class_list":["post-127075","post","type-post","status-publish","format-standard","hentry","category-cameroun","category-economie"],"_links":{"self":[{"href":"https:\/\/linitiative.ca\/International\/wp-json\/wp\/v2\/posts\/127075","targetHints":{"allow":["GET"]}}],"collection":[{"href":"https:\/\/linitiative.ca\/International\/wp-json\/wp\/v2\/posts"}],"about":[{"href":"https:\/\/linitiative.ca\/International\/wp-json\/wp\/v2\/types\/post"}],"author":[{"embeddable":true,"href":"https:\/\/linitiative.ca\/International\/wp-json\/wp\/v2\/users\/1969"}],"replies":[{"embeddable":true,"href":"https:\/\/linitiative.ca\/International\/wp-json\/wp\/v2\/comments?post=127075"}],"version-history":[{"count":0,"href":"https:\/\/linitiative.ca\/International\/wp-json\/wp\/v2\/posts\/127075\/revisions"}],"wp:attachment":[{"href":"https:\/\/linitiative.ca\/International\/wp-json\/wp\/v2\/media?parent=127075"}],"wp:term":[{"taxonomy":"category","embeddable":true,"href":"https:\/\/linitiative.ca\/International\/wp-json\/wp\/v2\/categories?post=127075"},{"taxonomy":"post_tag","embeddable":true,"href":"https:\/\/linitiative.ca\/International\/wp-json\/wp\/v2\/tags?post=127075"}],"curies":[{"name":"wp","href":"https:\/\/api.w.org\/{rel}","templated":true}]}}