{"id":127077,"date":"2021-09-14T13:55:28","date_gmt":"2021-09-14T17:55:28","guid":{"rendered":"https:\/\/linitiative.ca\/International\/finance-publique-informatisation-de-la-comptabilite-matiere-en-2022\/"},"modified":"2021-09-14T13:55:28","modified_gmt":"2021-09-14T17:55:28","slug":"finance-publique-informatisation-de-la-comptabilite-matiere-en-2022","status":"publish","type":"post","link":"https:\/\/linitiative.ca\/International\/finance-publique-informatisation-de-la-comptabilite-matiere-en-2022\/","title":{"rendered":"Finance publique : informatisation de la comptabilit\u00e9-mati\u00e8re en 2022"},"content":{"rendered":"<div>\n<p>\u201cR\u00e9duction du train de vie de l\u2019Etat\u201d. L\u2019expression revient sans cesse dans le discours officiel depuis l\u2019\u00e9poque de la crise \u00e9conomique, au milieu des ann\u00e9es 1980 et l\u2019adoption des plans d\u2019ajustement structurel par le gouvernement sous le conseil du Fonds mon\u00e9taire international (FMI) et de la Banque mondiale. Ann\u00e9e apr\u00e8s ann\u00e9e, le gouvernement multiplie les mesures pour ma\u00eetriser ses d\u00e9penses en mati\u00e8re d\u2019achats des biens et services.<\/p>\n<p><strong>Lire aussi<\/strong> : <strong><a href=\"https:\/\/ecomatin.net\/budget-2022-les-petites-affaires-des-s-ministeres-qui-seront-desormais-taxees\/\">Publicit\u00e9 dans les stades, frais d\u2019Apee\u00a0: ces petites affaires qui seront d\u00e9sormais tax\u00e9es<\/a><\/strong><\/p>\n<p>Dans sa circulaire relative \u00e0 la pr\u00e9paration du budget 2022, le pr\u00e9sident de la R\u00e9publique prescrit au gouvernement et aux gouverneurs des r\u00e9gions de mettre un accent \u00e0 la ma\u00eetrise des charges de fonctionnement des administrations. \u201cLa r\u00e9alisation d\u2019\u00e9conomies budg\u00e9taires devra notamment \u00eatre obtenue \u00e0 l\u2019aide de la commande d\u2019appareils bureautiques et informatiques disposant de solutions de partage, de mani\u00e8re \u00e0 garantir leur utilisation par le plus grand nombre d\u2019agents\u201d, instruit Paul Biya. Bien plus, souligne-t-il, \u201cle gouvernement devra initier le processus d\u2019informatisation int\u00e9grale de la comptabilit\u00e9-mati\u00e8res des administrations et autres entit\u00e9s publiques, dans le but d\u2019assurer la gestion rationnelle des stocks.\u201d<\/p>\n<p> <strong>Lire aussi<\/strong> : <strong><a href=\"https:\/\/ecomatin.net\/budget-de-letat-paul-biya-prescrit-une-croissance-de-44-en-2022\/\">Budget de l\u2019Etat : Paul Biya prescrit une croissance de 4,4% en 2022<\/a><\/strong> <\/p>\n<p>L\u2019informatique joue un r\u00f4le particuli\u00e8rement important dans la comptabilit\u00e9 de l\u2019\u00c9tat en raison du nombre consid\u00e9rable et de la diversit\u00e9 des op\u00e9rations financi\u00e8res effectu\u00e9es et des services administratifs concern\u00e9s. Pour r\u00e9duire les risques et les co\u00fbts d\u2019un d\u00e9veloppement anarchique du syst\u00e8me, le r\u00e9gime financier de l\u2019Etat et des autres entit\u00e9s publiques promulgu\u00e9 le 11 juillet 2018 induit la mise en place d\u2019un syst\u00e8me d\u2019information v\u00e9ritablement int\u00e9gr\u00e9. Afin de ne pas bouleverser le r\u00e9seau existant, celui-ci est adapt\u00e9 pas \u00e0 pas.<\/p>\n<p><strong>Lire aussi<\/strong> : <strong><a href=\"https:\/\/ecomatin.net\/programmationn-budgetaire-ambitionss-a-la-baisse-pour-le-gouvernement-en-2022\/\">Programmation budg\u00e9taire : ambitions \u00e0 la baisse pour le gouvernement en 2022<\/a><\/strong><\/p>\n<p>Apr\u00e8s le traitement de la solde, le paiement des imp\u00f4ts et taxes, les march\u00e9s publics, l\u2019informatisation int\u00e9grale de la comptabilit\u00e9-mati\u00e8res va permettre d\u2019avoir plus de lisibilit\u00e9 sur les op\u00e9rations d\u2019acquisition, de maniement ou d\u2019ali\u00e9nation des biens de l\u2019Etat, des Collectivit\u00e9s territoriales d\u00e9centralis\u00e9es, des \u00e9tablissements et entreprises publics, etc. Cette instruction du pr\u00e9sident s\u2019inscrit en droite ligne avec la mise en \u0153uvre de la comptabilit\u00e9 patrimoniale d\u00e8s le 1er janvier 2022 tel que prescrit par la loi du 11 juillet 2018 portant R\u00e9gime financier de l\u2019Etat et des autres entit\u00e9s publiques.<\/p>\n<p><strong>Comptabilit\u00e9 patrimoniale<\/strong><\/p>\n<p>En effet, l\u2019article 196 du d\u00e9cret portant R\u00e8glement g\u00e9n\u00e9ral de la comptabilit\u00e9 publique au Cameroun (Rgcp), publi\u00e9 le 7 juillet 2020, pr\u00e9cise que l\u2019application des dispositions suivantes est \u201cprogressive\u201d mais \u201cobligatoire\u201d \u00e0 compter du 1 janvier 2022 : \u201cla mise en \u0153uvre de la comptabilit\u00e9 d\u2019analyse des co\u00fbts ; l\u2019application int\u00e9grale des r\u00e8gles et proc\u00e9dures d\u00e9coulant du principe de la constatation des droits et obligations, ainsi que de la comptabilit\u00e9 patrimoniale r\u00e9gissant la comptabilit\u00e9 g\u00e9n\u00e9rale ; le rapport de la juridiction des comptes sur la certification des comptes de l\u2019Etat et des collectivit\u00e9s territoriales d\u00e9centralis\u00e9es ; l\u2019arrimage aux m\u00e9canismes du budget programme pour les \u00e9tablissements publics et des collectivit\u00e9s territoriales d\u00e9centralis\u00e9es.<\/p>\n<p><strong>Lire aussi<\/strong> : <strong><a href=\"https:\/\/ecomatin.net\/investissements-publics-les-12-premiers-projets-prioritaires-en-2022\/\">Investissements publics : les 12 premiers projets prioritaires en 2022<\/a><\/strong><\/p>\n<p>Les professionnels expliquent qu\u2019avec la comptabilit\u00e9 \u201cbase droits constat\u00e9s\u201d, un flux est pris en compte non seulement au moment de l\u2019encaissement ou du paiement dans le tableau des flux de tr\u00e9sorerie, mais aussi dans le compte de r\u00e9sultat au moment o\u00f9 l\u2019\u00e9v\u00e9nement \u00e9conomique sous-jacent augmente le patrimoine ou le r\u00e9duit. Pour l\u2019acquisition de consommables, le fait g\u00e9n\u00e9rateur de la charge est ainsi la r\u00e9ception de la commande par le service comp\u00e9tent, qui correspond \u00e0 la phase de liquidation de la d\u00e9pense. Dans le nouveau syst\u00e8me, des \u00e9critures en partie double devront \u00eatre pass\u00e9es au stade de la liquidation soit par le comptable public \u00e0 partir d\u2019une comptabilit\u00e9 auxiliaire en partie simple tenue par l\u2019ordonnateur, soit directement par ce dernier sous le contr\u00f4le a posteriori du comptable.\u00a0Le Cameroun a donc tout \u00e0 y gagner.<\/p>\n<p>L\u2019article <a rel=\"nofollow\" href=\"https:\/\/ecomatin.net\/finance-publique-informatisation-de-la-comptabilite-matiere-en-2022\/\">Finance publique : informatisation de la comptabilit\u00e9-mati\u00e8re en 2022<\/a> est apparu en premier sur <a rel=\"nofollow\" href=\"https:\/\/ecomatin.net\/\">EcoMatin<\/a>.<\/p>\n<\/div>\n<p>Auteur: Philipe NSOA<br \/>\n<a href=\"https:\/\/ecomatin.net\/finance-publique-informatisation-de-la-comptabilite-matiere-en-2022\/\">Cliquez ici pour lire l&rsquo;article depuis sa source.<\/a><\/p>\n","protected":false},"excerpt":{"rendered":"<p>\u201cR\u00e9duction du train de vie de l\u2019Etat\u201d. L\u2019expression revient sans cesse dans le discours officiel depuis l\u2019\u00e9poque de la crise \u00e9conomique, au milieu des ann\u00e9es 1980 et l\u2019adoption des plans d\u2019ajustement structurel par le gouvernement sous le conseil du Fonds mon\u00e9taire international (FMI) et de la Banque mondiale. Ann\u00e9e apr\u00e8s ann\u00e9e, le gouvernement multiplie les [&hellip;]<\/p>\n","protected":false},"author":1969,"featured_media":0,"comment_status":"closed","ping_status":"closed","sticky":false,"template":"","format":"standard","meta":{"fifu_image_url":"","fifu_image_alt":"","footnotes":""},"categories":[82,78],"tags":[],"class_list":["post-127077","post","type-post","status-publish","format-standard","hentry","category-cameroun","category-economie"],"_links":{"self":[{"href":"https:\/\/linitiative.ca\/International\/wp-json\/wp\/v2\/posts\/127077","targetHints":{"allow":["GET"]}}],"collection":[{"href":"https:\/\/linitiative.ca\/International\/wp-json\/wp\/v2\/posts"}],"about":[{"href":"https:\/\/linitiative.ca\/International\/wp-json\/wp\/v2\/types\/post"}],"author":[{"embeddable":true,"href":"https:\/\/linitiative.ca\/International\/wp-json\/wp\/v2\/users\/1969"}],"replies":[{"embeddable":true,"href":"https:\/\/linitiative.ca\/International\/wp-json\/wp\/v2\/comments?post=127077"}],"version-history":[{"count":0,"href":"https:\/\/linitiative.ca\/International\/wp-json\/wp\/v2\/posts\/127077\/revisions"}],"wp:attachment":[{"href":"https:\/\/linitiative.ca\/International\/wp-json\/wp\/v2\/media?parent=127077"}],"wp:term":[{"taxonomy":"category","embeddable":true,"href":"https:\/\/linitiative.ca\/International\/wp-json\/wp\/v2\/categories?post=127077"},{"taxonomy":"post_tag","embeddable":true,"href":"https:\/\/linitiative.ca\/International\/wp-json\/wp\/v2\/tags?post=127077"}],"curies":[{"name":"wp","href":"https:\/\/api.w.org\/{rel}","templated":true}]}}