{"id":127078,"date":"2021-09-15T10:00:47","date_gmt":"2021-09-15T14:00:47","guid":{"rendered":"https:\/\/linitiative.ca\/International\/la-jeune-chambre-internationale-dagadir-lance-je-developpe-mon-projet-a-souss-massa\/"},"modified":"2021-09-15T10:00:47","modified_gmt":"2021-09-15T14:00:47","slug":"la-jeune-chambre-internationale-dagadir-lance-je-developpe-mon-projet-a-souss-massa","status":"publish","type":"post","link":"https:\/\/linitiative.ca\/International\/la-jeune-chambre-internationale-dagadir-lance-je-developpe-mon-projet-a-souss-massa\/","title":{"rendered":"La Jeune Chambre Internationale d\u2019Agadir lance \u00abJe d\u00e9veloppe mon projet \u00e0 Souss-Massa\u00bb"},"content":{"rendered":"<div>\n<p><img decoding=\"async\" width=\"300\" height=\"153\" src=\"https:\/\/linitiative.ca\/International\/wp-content\/uploads\/sites\/23\/2021\/09\/Agadir-jci-300x153-1.jpg\" class=\"attachment-medium size-medium wp-post-image\" alt=\"\" loading=\"lazy\" srcset=\"\/\/aujourdhui.ma\/wp-content\/uploads\/2021\/09\/Agadir-jci-300x153.jpg 300w, \/\/aujourdhui.ma\/wp-content\/uploads\/2021\/09\/Agadir-jci-274x140.jpg 274w, \/\/aujourdhui.ma\/wp-content\/uploads\/2021\/09\/Agadir-jci.jpg 746w, \/\/aujourdhui.ma\/wp-content\/uploads\/2021\/09\/Agadir-jci-165x84.jpg 165w, \/\/aujourdhui.ma\/wp-content\/uploads\/2021\/09\/Agadir-jci-702x358.jpg 702w\" sizes=\"auto, (max-width: 300px) 100vw, 300px\"><\/p>\n<p><span style=\"color: #800000;\"><strong>Une comp\u00e9tition qui s\u2019adresse aux jeunes de la r\u00e9gion<\/strong><\/span><span id=\"more-386703\"><\/span><\/p>\n<p>La Jeune Chambre Internationale d\u2019Agadir (JCI) lance une comp\u00e9tition r\u00e9gionale baptis\u00e9e \u00abJe d\u00e9veloppe mon projet \u00e0 Souss-Massa\u00bb, et qui est destin\u00e9e aux jeunes porteurs de projets innovants au niveau de la r\u00e9gion Souss-Massa.<br \/>\nDans le but d\u2019implanter au carrefour de la cit\u00e9 universitaire de grandes \u00e9coles et des zones industrielles, la JCI d\u2019Agadir lance la comp\u00e9tition r\u00e9gionale \u00abJe d\u00e9veloppe mon projet \u00e0 Souss-Massa\u00bb et qui pr\u00e9voit des prix du meilleur jeune entrepreneur cr\u00e9atif au niveau de la r\u00e9gion Souss-Massa.<br \/>\nConcr\u00e8tement, cette comp\u00e9tition consiste \u00e0 valoriser les r\u00e9sultats de la recherche scientifique, rapprocher les entreprises des comp\u00e9tences de l\u2019universit\u00e9, favoriser le transfert technologique et promouvoir l\u2019entrepreneuriat par incubation, accompagnement et encadrement de startups innovantes.<br \/>\nA travers ce prix, la JCI Agadir ambitionne de reconna\u00eetre, honorer et c\u00e9l\u00e9brer les jeunes entrepreneurs ayant int\u00e9gr\u00e9 une approche innovante, dans le d\u00e9veloppement de leur entreprise, tout en respectant les principes de la responsabilit\u00e9 sociale des entreprises.<\/p>\n<p>Selon la JCI, \u00abde nos jours, l\u2019innovation joue un r\u00f4le pivot dans la comp\u00e9titivit\u00e9 de la r\u00e9gion Souss-Massa, en connectant la recherche et d\u00e9veloppement aux secteurs de l\u2019industrie, du d\u00e9veloppement durable et de l\u2019innovation. En concomitance, une panoplie d\u2019institutions est engag\u00e9e dans la formation et le d\u00e9veloppement de startups et PME dans les domaines li\u00e9s aux nouvelles technologies, au d\u00e9veloppement durable et \u00e0 l\u2019animation culturelle\u00bb.<br \/>\nCette initiative s\u2019adresse aux jeunes hommes et femmes de plus de 18 ans issus de la r\u00e9gion Souss-Massa, alors que la soci\u00e9t\u00e9 participante doit \u00e9galement \u00eatre domicili\u00e9e dans cette r\u00e9gion.<br \/>\nPour plus de d\u00e9tails, le candidat doit pouvoir cr\u00e9er un changement positif important dans une entreprise existante tel que : le d\u00e9veloppement de nouveaux produits et de nouveaux services, l\u2019apport d\u2019une solution cr\u00e9ative \u00e0 un probl\u00e8me de l\u2019entreprise, et le changement d\u2019un processus de mani\u00e8re innovante.<br \/>\nPour rappel, la JCI est une organisation \u00e0 but non lucratif de jeunes citoyens actifs de 18 \u00e0 40 ans qui sont engag\u00e9s \u00e0 cr\u00e9er un impact dans leurs communaut\u00e9s. La JCI rassemble des citoyens actifs de tous les secteurs de la soci\u00e9t\u00e9.<\/p>\n<p>Elle compte plus de 200.000 jeunes citoyens actifs, r\u00e9partis en pr\u00e8s de 5.000 communaut\u00e9s dans plus de 112 pays \u00e0 travers le monde. La JCI est pr\u00e9sente notamment au sein de l\u2019ONU, de l\u2019Unesco, de l\u2019Unicef, de la Chambre de commerce internationale, de CARE International et d\u2019AIESEC.<br \/>\nD\u2019ailleurs, les premiers pas vers les origines de JCI Agadir ont \u00e9t\u00e9 effectu\u00e9s en 2011. Son objectif est de fournir des opportunit\u00e9s aux jeunes pour d\u00e9velopper la responsabilit\u00e9 soci\u00e9tale, d\u2019avoir un r\u00f4le majeur dans la cr\u00e9ation de changements positifs par le biais de projets civiques au sein de leur communaut\u00e9 de vie et aussi de trouver des solutions adapt\u00e9es aux probl\u00e8mes particuliers des communaut\u00e9s gadiries afin de b\u00e2tir un monde meilleur.<\/p>\n<p>\u00a0<\/p>\n<\/div>\n<p>Auteur: Mohamed Laabid<br \/>\n<a href=\"https:\/\/aujourdhui.ma\/economie\/la-jeune-chambre-internationale-dagadir-lance-je-developpe-mon-projet-a-souss-massa\">Cliquez ici pour lire l&rsquo;article depuis sa source.<\/a><\/p>\n","protected":false},"excerpt":{"rendered":"<p>Une comp\u00e9tition qui s\u2019adresse aux jeunes de la r\u00e9gion La Jeune Chambre Internationale d\u2019Agadir (JCI) lance une comp\u00e9tition r\u00e9gionale baptis\u00e9e \u00abJe d\u00e9veloppe mon projet \u00e0 Souss-Massa\u00bb, et qui est destin\u00e9e aux jeunes porteurs de projets innovants au niveau de la r\u00e9gion Souss-Massa. Dans le but d\u2019implanter au carrefour de la cit\u00e9 universitaire de grandes \u00e9coles [&hellip;]<\/p>\n","protected":false},"author":1759,"featured_media":0,"comment_status":"closed","ping_status":"closed","sticky":false,"template":"","format":"standard","meta":{"fifu_image_url":"https:\/\/aujourdhui.ma\/wp-content\/uploads\/2021\/09\/Agadir-jci-300x153.jpg","fifu_image_alt":"La Jeune Chambre Internationale d\u2019Agadir lance \u00abJe d\u00e9veloppe mon projet \u00e0 Souss-Massa\u00bb","footnotes":""},"categories":[73,54],"tags":[],"class_list":["post-127078","post","type-post","status-publish","format-standard","hentry","category-actualite","category-maroc"],"_links":{"self":[{"href":"https:\/\/linitiative.ca\/International\/wp-json\/wp\/v2\/posts\/127078","targetHints":{"allow":["GET"]}}],"collection":[{"href":"https:\/\/linitiative.ca\/International\/wp-json\/wp\/v2\/posts"}],"about":[{"href":"https:\/\/linitiative.ca\/International\/wp-json\/wp\/v2\/types\/post"}],"author":[{"embeddable":true,"href":"https:\/\/linitiative.ca\/International\/wp-json\/wp\/v2\/users\/1759"}],"replies":[{"embeddable":true,"href":"https:\/\/linitiative.ca\/International\/wp-json\/wp\/v2\/comments?post=127078"}],"version-history":[{"count":0,"href":"https:\/\/linitiative.ca\/International\/wp-json\/wp\/v2\/posts\/127078\/revisions"}],"wp:attachment":[{"href":"https:\/\/linitiative.ca\/International\/wp-json\/wp\/v2\/media?parent=127078"}],"wp:term":[{"taxonomy":"category","embeddable":true,"href":"https:\/\/linitiative.ca\/International\/wp-json\/wp\/v2\/categories?post=127078"},{"taxonomy":"post_tag","embeddable":true,"href":"https:\/\/linitiative.ca\/International\/wp-json\/wp\/v2\/tags?post=127078"}],"curies":[{"name":"wp","href":"https:\/\/api.w.org\/{rel}","templated":true}]}}