{"id":127082,"date":"2021-09-15T11:00:13","date_gmt":"2021-09-15T15:00:13","guid":{"rendered":"https:\/\/linitiative.ca\/International\/tournee-a-khenifra-et-regions-sak-wa-ghnima-la-nouvelle-serie-de-mohamed-ahed-bensouda\/"},"modified":"2021-09-15T11:00:13","modified_gmt":"2021-09-15T15:00:13","slug":"tournee-a-khenifra-et-regions-sak-wa-ghnima-la-nouvelle-serie-de-mohamed-ahed-bensouda","status":"publish","type":"post","link":"https:\/\/linitiative.ca\/International\/tournee-a-khenifra-et-regions-sak-wa-ghnima-la-nouvelle-serie-de-mohamed-ahed-bensouda\/","title":{"rendered":"Tourn\u00e9e \u00e0 Kh\u00e9nifra et r\u00e9gions : \u00abSak wa Ghnima\u00bb, la nouvelle s\u00e9rie de Mohamed Ahed  Bensouda"},"content":{"rendered":"<div>\n<p><img decoding=\"async\" width=\"300\" height=\"153\" src=\"https:\/\/linitiative.ca\/International\/wp-content\/uploads\/sites\/23\/2021\/09\/Mohamed-Ahed-Bensouda-300x153-1.jpg\" class=\"attachment-medium size-medium wp-post-image\" alt=\"\" loading=\"lazy\" srcset=\"\/\/aujourdhui.ma\/wp-content\/uploads\/2021\/09\/Mohamed-Ahed-Bensouda-300x153.jpg 300w, \/\/aujourdhui.ma\/wp-content\/uploads\/2021\/09\/Mohamed-Ahed-Bensouda-274x140.jpg 274w, \/\/aujourdhui.ma\/wp-content\/uploads\/2021\/09\/Mohamed-Ahed-Bensouda.jpg 746w, \/\/aujourdhui.ma\/wp-content\/uploads\/2021\/09\/Mohamed-Ahed-Bensouda-165x84.jpg 165w, \/\/aujourdhui.ma\/wp-content\/uploads\/2021\/09\/Mohamed-Ahed-Bensouda-702x358.jpg 702w\" sizes=\"auto, (max-width: 300px) 100vw, 300px\"><\/p>\n<p><span style=\"color: #800000; font-size: 18px;\"><strong>Le tournage de la nouvelle s\u00e9rie \u00abSak wa ghnima\u00bb (Fonds et butin) de Mohamed Ahed Bensouda se poursuit.<\/strong><\/span><span id=\"more-386717\"><\/span><\/p>\n<p>\u00abD\u00e9but de la 51\u00e8me journ\u00e9e de tournage pour la s\u00e9rie produite par la SNRT\u00bb, pr\u00e9cise le r\u00e9alisateur tout r\u00e9cemment sur son compte officiel Instagram \u00e0 propos de cette \u0153uvre t\u00e9l\u00e9vis\u00e9e pr\u00e9vue d\u2019\u00eatre diffus\u00e9e sur la cha\u00eene Al Aoula. A leur tour, des artistes marocains participants \u00e0 cette s\u00e9rie, dont le tournage a, selon le r\u00e9alisateur \u00e9galement cin\u00e9aste, lieu \u00e0 Kh\u00e9nifra et r\u00e9gions, ne manquent pas de partager leurs photos dans les coulisses. C\u2019est le cas de Jamila Charik, Mounia Lemkimmel, Jamila Atef, Hasna Moumni, Khadija Zeroual, Abdellah Ferkous, Abdellatif Khamouli, Jamal Lababsi, Abdellah Chicha, Khalil Obaqa, Abbas Kamil, Reda Belnaim et Ziad Idrissi entre autres ainsi que de jeunes talents de l\u2019Isadac.<br \/>\nQuant \u00e0 l\u2019intrigue, elle raconte, selon M. Bensouda, le \u00abmythe\u00bb d\u2019une tribu dont le leader a un tigre qui prend la fuite et s\u00e8me la terreur chez les habitants de la r\u00e9gion, notamment le personnage \u00abSak\u00bb. Le r\u00f4le de \u00abGhnima\u00bb \u00e9tant interpr\u00e9t\u00e9 par l\u2019actrice Jamila Atef.<\/p>\n<p>Et ce n\u2019est pas tout ! Cette \u0153uvre, \u00e9crite par Zhor Zriq, est, selon le r\u00e9alisateur, destin\u00e9e \u00e0 \u00abhonorer la femme\u00bb, notamment celle \u00abrurale\u00bb tout en mettant en valeur leur autonomie socio\u00e9conomique. D\u2019o\u00f9, entre autres, le choix de la ville de Kh\u00e9nifra qui regorge de paysages naturels \u00e0 mettre davantage en avant.<br \/>\nOutre cette s\u00e9rie, le cin\u00e9aste, qui n\u2019est plus \u00e0 pr\u00e9senter, est notamment connu pour ses \u0153uvres cin\u00e9matographiques. Ainsi, il a r\u00e9alis\u00e9 les longs-m\u00e9trages \u00abA la recherche du pouvoir perdu\u00bb, \u00abDerri\u00e8re les portes ferm\u00e9es\u00bb et \u00abHistoire d\u2019un lutteur Mchaouchi\u00bb. Des \u0153uvres qui lui ont m\u00eame valu des prix \u00e0 l\u2019\u00e9chelle internationale. Mieux encore, le cin\u00e9aste, qui avait aussi un projet de festival, a donn\u00e9, il y a quelques ann\u00e9es, un avant-go\u00fbt de son nouveau film \u00abNaoubat El Ochaq\u00bb (L\u2019hymne des amoureux) dont le tournage a h\u00e9las \u00e9t\u00e9 cependant arr\u00eat\u00e9 pour des raisons \u00abfinanci\u00e8res\u00bb comme le pr\u00e9cise le r\u00e9alisateur.<\/p>\n<p>Ce long-m\u00e9trage \u00e9tant un m\u00e9lodrame qui se voulait de pr\u00e9senter la ville de F\u00e8s au XVI\u00e8me si\u00e8cle, notamment lorsqu\u2019elle abritait un port au bord de la rivi\u00e8re Sebou. Comme son nom l\u2019indique, ce film, qui devait allier la star Rabie El Kati aux c\u00f4t\u00e9s d\u2019artistes \u00e9trangers, est \u00e9galement d\u00e9di\u00e9 \u00e0 la musique andalouse outre l\u2019artisanat de la capitale spirituelle. Une telle \u0153uvre m\u00e9rite que ses probl\u00e8mes financiers soient surmont\u00e9s.<\/p>\n<\/div>\n<p>Auteur: Salima Guisser<br \/>\n<a href=\"https:\/\/aujourdhui.ma\/culture\/tournee-a-khenifra-et-regions-sak-wa-ghnima-la-nouvelle-serie-de-mohamed-ahed-bensouda\">Cliquez ici pour lire l&rsquo;article depuis sa source.<\/a><\/p>\n","protected":false},"excerpt":{"rendered":"<p>Le tournage de la nouvelle s\u00e9rie \u00abSak wa ghnima\u00bb (Fonds et butin) de Mohamed Ahed Bensouda se poursuit. \u00abD\u00e9but de la 51\u00e8me journ\u00e9e de tournage pour la s\u00e9rie produite par la SNRT\u00bb, pr\u00e9cise le r\u00e9alisateur tout r\u00e9cemment sur son compte officiel Instagram \u00e0 propos de cette \u0153uvre t\u00e9l\u00e9vis\u00e9e pr\u00e9vue d\u2019\u00eatre diffus\u00e9e sur la cha\u00eene Al [&hellip;]<\/p>\n","protected":false},"author":1759,"featured_media":0,"comment_status":"closed","ping_status":"closed","sticky":false,"template":"","format":"standard","meta":{"fifu_image_url":"https:\/\/aujourdhui.ma\/wp-content\/uploads\/2021\/09\/Mohamed-Ahed-Bensouda-300x153.jpg","fifu_image_alt":"Tourn\u00e9e \u00e0 Kh\u00e9nifra et r\u00e9gions : \u00abSak wa Ghnima\u00bb, la nouvelle s\u00e9rie de Mohamed Ahed  Bensouda","footnotes":""},"categories":[73,54],"tags":[],"class_list":["post-127082","post","type-post","status-publish","format-standard","hentry","category-actualite","category-maroc"],"_links":{"self":[{"href":"https:\/\/linitiative.ca\/International\/wp-json\/wp\/v2\/posts\/127082","targetHints":{"allow":["GET"]}}],"collection":[{"href":"https:\/\/linitiative.ca\/International\/wp-json\/wp\/v2\/posts"}],"about":[{"href":"https:\/\/linitiative.ca\/International\/wp-json\/wp\/v2\/types\/post"}],"author":[{"embeddable":true,"href":"https:\/\/linitiative.ca\/International\/wp-json\/wp\/v2\/users\/1759"}],"replies":[{"embeddable":true,"href":"https:\/\/linitiative.ca\/International\/wp-json\/wp\/v2\/comments?post=127082"}],"version-history":[{"count":0,"href":"https:\/\/linitiative.ca\/International\/wp-json\/wp\/v2\/posts\/127082\/revisions"}],"wp:attachment":[{"href":"https:\/\/linitiative.ca\/International\/wp-json\/wp\/v2\/media?parent=127082"}],"wp:term":[{"taxonomy":"category","embeddable":true,"href":"https:\/\/linitiative.ca\/International\/wp-json\/wp\/v2\/categories?post=127082"},{"taxonomy":"post_tag","embeddable":true,"href":"https:\/\/linitiative.ca\/International\/wp-json\/wp\/v2\/tags?post=127082"}],"curies":[{"name":"wp","href":"https:\/\/api.w.org\/{rel}","templated":true}]}}