{"id":127084,"date":"2021-09-15T11:29:52","date_gmt":"2021-09-15T15:29:52","guid":{"rendered":"https:\/\/linitiative.ca\/International\/video-majorite-gouvernementale-le-premier-round-des-consultations-conclu\/"},"modified":"2021-09-15T11:29:52","modified_gmt":"2021-09-15T15:29:52","slug":"video-majorite-gouvernementale-le-premier-round-des-consultations-conclu","status":"publish","type":"post","link":"https:\/\/linitiative.ca\/International\/video-majorite-gouvernementale-le-premier-round-des-consultations-conclu\/","title":{"rendered":"Vid\u00e9o \u2013 Majorit\u00e9 gouvernementale : Le premier round des consultations conclu"},"content":{"rendered":"<div>\n<p><img decoding=\"async\" width=\"300\" height=\"153\" src=\"https:\/\/linitiative.ca\/International\/wp-content\/uploads\/sites\/23\/2021\/09\/akhannouch-aziz-300x153-1.jpg\" class=\"attachment-medium size-medium wp-post-image\" alt=\"\" loading=\"lazy\" srcset=\"\/\/aujourdhui.ma\/wp-content\/uploads\/2021\/09\/akhannouch-aziz-300x153.jpg 300w, \/\/aujourdhui.ma\/wp-content\/uploads\/2021\/09\/akhannouch-aziz-274x140.jpg 274w, \/\/aujourdhui.ma\/wp-content\/uploads\/2021\/09\/akhannouch-aziz.jpg 746w, \/\/aujourdhui.ma\/wp-content\/uploads\/2021\/09\/akhannouch-aziz-165x84.jpg 165w, \/\/aujourdhui.ma\/wp-content\/uploads\/2021\/09\/akhannouch-aziz-702x358.jpg 702w\" sizes=\"auto, (max-width: 300px) 100vw, 300px\"><\/p>\n<p>Aziz Akhannouch, chef de gouvernement d\u00e9sign\u00e9, conclut le premier round des consultations pour la nouvelle composition gouvernementale. Il pr\u00e9cise \u00e9galement que les premiers aspects de la majorit\u00e9 se manifesteront d\u00e8s la semaine prochaine.<\/p>\n<p>\u00a0<\/p>\n<p>Reportage Chafik Arich<\/p>\n<\/div>\n<p>Auteur: ALM<br \/>\n<a href=\"https:\/\/aujourdhui.ma\/actualite\/video-majorite-gouvernementale-le-premier-round-des-consultations-conclu\">Cliquez ici pour lire l&rsquo;article depuis sa source.<\/a><\/p>\n","protected":false},"excerpt":{"rendered":"<p>Aziz Akhannouch, chef de gouvernement d\u00e9sign\u00e9, conclut le premier round des consultations pour la nouvelle composition gouvernementale. Il pr\u00e9cise \u00e9galement que les premiers aspects de la majorit\u00e9 se manifesteront d\u00e8s la semaine prochaine. \u00a0 Reportage Chafik Arich Auteur: ALM Cliquez ici pour lire l&rsquo;article depuis sa source.<\/p>\n","protected":false},"author":1759,"featured_media":0,"comment_status":"closed","ping_status":"closed","sticky":false,"template":"","format":"standard","meta":{"fifu_image_url":"https:\/\/aujourdhui.ma\/wp-content\/uploads\/2021\/09\/akhannouch-aziz-300x153.jpg","fifu_image_alt":"Vid\u00e9o \u2013 Majorit\u00e9 gouvernementale : Le premier round des consultations conclu","footnotes":""},"categories":[73,54],"tags":[],"class_list":["post-127084","post","type-post","status-publish","format-standard","hentry","category-actualite","category-maroc"],"_links":{"self":[{"href":"https:\/\/linitiative.ca\/International\/wp-json\/wp\/v2\/posts\/127084","targetHints":{"allow":["GET"]}}],"collection":[{"href":"https:\/\/linitiative.ca\/International\/wp-json\/wp\/v2\/posts"}],"about":[{"href":"https:\/\/linitiative.ca\/International\/wp-json\/wp\/v2\/types\/post"}],"author":[{"embeddable":true,"href":"https:\/\/linitiative.ca\/International\/wp-json\/wp\/v2\/users\/1759"}],"replies":[{"embeddable":true,"href":"https:\/\/linitiative.ca\/International\/wp-json\/wp\/v2\/comments?post=127084"}],"version-history":[{"count":0,"href":"https:\/\/linitiative.ca\/International\/wp-json\/wp\/v2\/posts\/127084\/revisions"}],"wp:attachment":[{"href":"https:\/\/linitiative.ca\/International\/wp-json\/wp\/v2\/media?parent=127084"}],"wp:term":[{"taxonomy":"category","embeddable":true,"href":"https:\/\/linitiative.ca\/International\/wp-json\/wp\/v2\/categories?post=127084"},{"taxonomy":"post_tag","embeddable":true,"href":"https:\/\/linitiative.ca\/International\/wp-json\/wp\/v2\/tags?post=127084"}],"curies":[{"name":"wp","href":"https:\/\/api.w.org\/{rel}","templated":true}]}}