{"id":127093,"date":"2021-09-14T14:00:00","date_gmt":"2021-09-14T18:00:00","guid":{"rendered":"https:\/\/linitiative.ca\/International\/demantelement-a-errachidia-dune-cellule-terroriste-affiliee-a-daech\/"},"modified":"2021-09-14T14:00:00","modified_gmt":"2021-09-14T18:00:00","slug":"demantelement-a-errachidia-dune-cellule-terroriste-affiliee-a-daech","status":"publish","type":"post","link":"https:\/\/linitiative.ca\/International\/demantelement-a-errachidia-dune-cellule-terroriste-affiliee-a-daech\/","title":{"rendered":"D\u00e9mant\u00e8lement \u00e0 Errachidia d\u2019une cellule terroriste affili\u00e9e \u00e0 \u00ab Daech \u00bb"},"content":{"rendered":"<div>\n<p class=\"has-text-align-center has-vivid-red-color has-text-color\"><strong>Compos\u00e9e de trois extr\u00e9mistes<\/strong><\/p>\n<p class=\"has-text-align-left has-black-color has-text-color\"><strong>Le Bureau central d\u2019investigations judiciaires (BCIJ) relevant de la Direction g\u00e9n\u00e9rale de la surveillance du territoire (DGST) a d\u00e9mantel\u00e9, mardi matin, en \u00e9troite collaboration avec les services de la Direction g\u00e9n\u00e9rale de la S\u00fbret\u00e9 nationale (DGSN), une cellule terroriste affili\u00e9e \u00e0 l\u2019organisation dite \u00ab\u00a0Etat Islamique\u00a0\u00bb (EI) et compos\u00e9e de trois extr\u00e9mistes \u00e2g\u00e9s de 21, 27 et 37 ans qui s\u2019activaient dans la ville d\u2019Errachidia.<\/strong><\/p>\n<p class=\"has-text-align-left has-black-color has-text-color\">Cette cellule terroriste a \u00e9t\u00e9 d\u00e9mantel\u00e9e dans le sillage des efforts d\u00e9ploy\u00e9s par les services de s\u00fbret\u00e9 pour neutraliser les dangers et les menaces terroristes et emp\u00eacher les organisations extr\u00e9mistes d\u2019atteindre la phase d\u2019ex\u00e9cution mat\u00e9rielle de leurs stratag\u00e8mes et projets qui touchent \u00e0 la s\u00fbret\u00e9 et \u00e0 la s\u00e9curit\u00e9 de la nation et des citoyens, indique un communiqu\u00e9 du BCIJ.<\/p>\n<p class=\"has-text-align-left has-black-color has-text-color\">Les op\u00e9rations simultan\u00e9es men\u00e9es par les \u00e9l\u00e9ments de la force sp\u00e9ciale relevant de la DGST ont permis d\u2019interpeller le principal suspect qui est l\u2019\u00a0\u00bb\u00e9mir pr\u00e9sum\u00e9\u201d de cette cellule terroriste, ainsi que deux autres membres de ladite cellule, ajoute la m\u00eame source.<\/p>\n<p class=\"has-text-align-left has-black-color has-text-color\">Les perquisitions men\u00e9es aux domiciles des suspects et dans le local commercial de l\u2019un d\u2019entre-eux ont permis la saisie de mat\u00e9riel informatique, de cartes m\u00e9moires, de t\u00e9l\u00e9phones portables, d\u2019uniformes paramilitaires, de manuscrits faisant l\u2019apologie des op\u00e9rations terroristes et des affiches \u00e9voquant le \u00ab\u00a0khorassan\u201d comme nouvelle base de combats, poursuit le communiqu\u00e9.<\/p>\n<p class=\"has-text-align-left has-black-color has-text-color\">Selon les recherches, investigations et op\u00e9rations de filature op\u00e9r\u00e9es au sujet des membres de cette cellule terroriste, son \u00e9mir pr\u00e9sum\u00e9 s\u2019activait dans l\u2019embrigadement et le recrutement dans les rangs des adeptes des courants religieux traditionnels, pr\u00e9cise la m\u00eame source, relevant que le mis en cause a transform\u00e9 son local commercial se trouvant \u00e0 proximit\u00e9 d\u2019installations vitales et strat\u00e9giques en lieu de pri\u00e8re en proscrivant l\u2019interdiction de la pri\u00e8re dans les mosqu\u00e9es, ainsi qu\u2019en refuge pour la cons\u00e9cration de l\u2019id\u00e9ologie extr\u00e9miste dans les rangs de ses adeptes et en espace pour la planification de crimes \u00e0 vocation terroriste contre les individus, en choisissant l\u2019une des victimes comme cible imminente d\u2019assassinat en raison de son travail dans un service d\u2019utilit\u00e9 publique.<\/p>\n<p class=\"has-text-align-left has-black-color has-text-color\">Les investigations r\u00e9v\u00e8lent que les membres de cette cellule terroriste se partageaient les contenus num\u00e9riques \u00e0 caract\u00e8re terroriste comme ceux documentant les attentats-suicides et les assassinats commis par l\u2019organisation \u00ab\u00a0Daech\u00a0\u00bb dans plusieurs r\u00e9gions du monde, en tant que moyen pour consacrer l\u2019id\u00e9ologie extr\u00e9miste et inciter \u00e0 la perp\u00e9tration de ces crimes sur le territoire national, fait savoir le communiqu\u00e9.\u00a0 Les membres de cette cellule terroriste ont \u00e9t\u00e9 plac\u00e9s en garde \u00e0 vue \u00e0 la disposition de l\u2019enqu\u00eate men\u00e9e par le BCIJ sous la supervision du parquet comp\u00e9tent, afin de d\u00e9terminer les ramifications r\u00e9gionales et internationales de cette cellule, ainsi que l\u2019ensemble de ses plans et projets destructeurs, en plus d\u2019interpeller toutes les personnes impliqu\u00e9es dans ses activit\u00e9s extr\u00e9mistes.\u00a0 Le d\u00e9mant\u00e8lement de cette cellule confirme, une nouvelle fois, la persistance des menaces terroristes \u00e0 travers l\u2019obstination de certaines organisations extr\u00e9mistes \u00e0 commettre des crimes de nature \u00e0 nuire gravement \u00e0 l\u2019ordre public. Il donne aussi la preuve de la vigilance des services de s\u00e9curit\u00e9 marocains pour repousser ces dangers et menaces afin de garantir la s\u00fbret\u00e9 de la Nation et pr\u00e9server la s\u00e9curit\u00e9 des citoyennes et citoyens, conclut le BCIJ.<\/p>\n<p>L\u2019article <a rel=\"nofollow\" href=\"http:\/\/albayane.press.ma\/demantelement-a-errachidia-dune-cellule-terroriste-affiliee-a-daech.html\">D\u00e9mant\u00e8lement \u00e0 Errachidia d\u2019une cellule terroriste affili\u00e9e \u00e0 \u00ab Daech \u00bb<\/a> est apparu en premier sur <a rel=\"nofollow\" href=\"http:\/\/albayane.press.ma\/\">ALBAYANE<\/a>.<\/p>\n<\/div>\n<p>Auteur: M&rsquo;hammed rahal<br \/>\n<a href=\"http:\/\/albayane.press.ma\/demantelement-a-errachidia-dune-cellule-terroriste-affiliee-a-daech.html\">Cliquez ici pour lire l&rsquo;article depuis sa source.<\/a><\/p>\n","protected":false},"excerpt":{"rendered":"<p>Compos\u00e9e de trois extr\u00e9mistes Le Bureau central d\u2019investigations judiciaires (BCIJ) relevant de la Direction g\u00e9n\u00e9rale de la surveillance du territoire (DGST) a d\u00e9mantel\u00e9, mardi matin, en \u00e9troite collaboration avec les services de la Direction g\u00e9n\u00e9rale de la S\u00fbret\u00e9 nationale (DGSN), une cellule terroriste affili\u00e9e \u00e0 l\u2019organisation dite \u00ab\u00a0Etat Islamique\u00a0\u00bb (EI) et compos\u00e9e de trois extr\u00e9mistes [&hellip;]<\/p>\n","protected":false},"author":1760,"featured_media":0,"comment_status":"closed","ping_status":"closed","sticky":false,"template":"","format":"standard","meta":{"fifu_image_url":"","fifu_image_alt":"","footnotes":""},"categories":[73,54],"tags":[],"class_list":["post-127093","post","type-post","status-publish","format-standard","hentry","category-actualite","category-maroc"],"_links":{"self":[{"href":"https:\/\/linitiative.ca\/International\/wp-json\/wp\/v2\/posts\/127093","targetHints":{"allow":["GET"]}}],"collection":[{"href":"https:\/\/linitiative.ca\/International\/wp-json\/wp\/v2\/posts"}],"about":[{"href":"https:\/\/linitiative.ca\/International\/wp-json\/wp\/v2\/types\/post"}],"author":[{"embeddable":true,"href":"https:\/\/linitiative.ca\/International\/wp-json\/wp\/v2\/users\/1760"}],"replies":[{"embeddable":true,"href":"https:\/\/linitiative.ca\/International\/wp-json\/wp\/v2\/comments?post=127093"}],"version-history":[{"count":0,"href":"https:\/\/linitiative.ca\/International\/wp-json\/wp\/v2\/posts\/127093\/revisions"}],"wp:attachment":[{"href":"https:\/\/linitiative.ca\/International\/wp-json\/wp\/v2\/media?parent=127093"}],"wp:term":[{"taxonomy":"category","embeddable":true,"href":"https:\/\/linitiative.ca\/International\/wp-json\/wp\/v2\/categories?post=127093"},{"taxonomy":"post_tag","embeddable":true,"href":"https:\/\/linitiative.ca\/International\/wp-json\/wp\/v2\/tags?post=127093"}],"curies":[{"name":"wp","href":"https:\/\/api.w.org\/{rel}","templated":true}]}}