{"id":127095,"date":"2021-09-14T14:00:00","date_gmt":"2021-09-14T18:00:00","guid":{"rendered":"https:\/\/linitiative.ca\/International\/les-tractations-du-prochain-executif\/"},"modified":"2021-09-14T14:00:00","modified_gmt":"2021-09-14T18:00:00","slug":"les-tractations-du-prochain-executif","status":"publish","type":"post","link":"https:\/\/linitiative.ca\/International\/les-tractations-du-prochain-executif\/","title":{"rendered":"Les tractations du prochain ex\u00e9cutif"},"content":{"rendered":"<div>\n<p class=\"has-vivid-cyan-blue-color has-text-color\"><strong>De quelle levure sera mont\u00e9 le prochain l\u2019ex\u00e9cutif ? Depuis la nomination du parti ayant distanc\u00e9 ses homologues aux l\u00e9gislatives du 8 septembre dernier, en parfaite conformit\u00e9 avec l\u2019article 47 de la Constitution, les tractations pour le choix \u00e0 entreprendre, vont bon train. A croire les d\u00e9clarations du nouveau chef du gouvernement, il se serait agi d\u2019une \u00ab \u00e9quipe ramass\u00e9e, homog\u00e8ne et apte \u00e0 concr\u00e9tiser les dispos du programme en pr\u00e9sence \u00bb. De ce fait, on ne serait gu\u00e8re loin d\u2019une coalition dont le noyau dur se composerait de l\u2019Istiqlal, en nette nostalgie de \u00abgouverner\u00bb, apr\u00e8s une \u00e9clipse de plus de huit longues ann\u00e9es, suite \u00e0 son retrait inopin\u00e9 du premier mandat conduit par les lampistes et de l\u2019USFP, comp\u00e8re fid\u00e8le du patron du RNI. Avec ces trois partis r\u00e9unis, le compte y sera, quoique de justesse, sauf si le meneur des actuelles consultations tendait \u00e0 encliner vers la prudence num\u00e9rique et en rajoutait un autre de son quadruple bloc de la troupe sortante. D\u2019autre part, on serait plut\u00f4t tent\u00e9 de voir l\u2019attitude du PAM, apr\u00e8s qu\u2019il ait rat\u00e9 le coche encore une fois \u00e0 s\u2019adjuger le premier rang et, partant se soit content\u00e9 du second, avec tout de m\u00eame, un score fleuve, sachant que, par les avances de son chef de file, il ne cessait de rab\u00e2cher de s\u2019accaparer cette cons\u00e9cration tant convoit\u00e9e.<\/strong><\/p>\n<p class=\"has-black-color has-text-color\"><strong>Ferait-il la table rase de tout ce qu\u2019il avait vocif\u00e9r\u00e9 non sans virulence, \u00e0 l\u2019encontre de son rival ? Difficile de le confirmer pour des discordances ayant trait aux humeurs respectives, d\u2019autant que le c\u00f4toiement de deux forces, \u00e0 savoir le PI et le PAM, dans la m\u00eame ossature constituera, sans nul doute, une certaine g\u00eane aussi bien num\u00e9rique que politique pour un RNI, par la force des choses, serait en position de faiblesse par rapport \u00e0 ses deux pairs. De m\u00eame, il ne serait point intelligent de se ranger massivement \u00e0 la majorit\u00e9, en d\u00e9cimant l\u2019opposition au sein d\u2019un ex\u00e9cutif dont les deux ailes, \u00e9quilibr\u00e9es et performantes, serait d\u2019un apport plus efficient. Comment peut-on concevoir un gouvernement monocorde sans suffisamment de voix contestataires et propositionnelles ? Notre pays a mal \u00e0 la \u00ab pratique partisane \u00bb, depuis qu\u2019elle se d\u00e9cr\u00e9dibilise aux yeux de l\u2019entourage envahi de d\u00e9saffection et de la non confiance. De surcro\u00eet, la production du discours politique s\u2019amoindrit face \u00e0 la profusion de la logorrh\u00e9e creuse et conflictuelle. Le charisme des grands leaders d\u2019antan, de la trombe de Allal Fassi, Abdertahim Bouabid, Ali Yata\u2026 se rar\u00e9fie de plus en plus, au c\u0153ur d\u2019un bourbier d\u2019intrus et de barons des \u00e9lections qui pondent des \u00e9lites malsaines. La refonte de l\u2019action partisane est dor\u00e9navant, une n\u00e9cessit\u00e9 prioritaire en vue d\u2019asseoir le syst\u00e8me politique sur des bases saines, fond\u00e9es sur la probit\u00e9 et la droiture.<\/strong><\/p>\n<p>L\u2019article <a rel=\"nofollow\" href=\"http:\/\/albayane.press.ma\/les-tractations-du-prochain-executif.html\">Les tractations du prochain ex\u00e9cutif<\/a> est apparu en premier sur <a rel=\"nofollow\" href=\"http:\/\/albayane.press.ma\/\">ALBAYANE<\/a>.<\/p>\n<\/div>\n<p>Auteur: M&rsquo;hammed rahal<br \/>\n<a href=\"http:\/\/albayane.press.ma\/les-tractations-du-prochain-executif.html\">Cliquez ici pour lire l&rsquo;article depuis sa source.<\/a><\/p>\n","protected":false},"excerpt":{"rendered":"<p>De quelle levure sera mont\u00e9 le prochain l\u2019ex\u00e9cutif ? Depuis la nomination du parti ayant distanc\u00e9 ses homologues aux l\u00e9gislatives du 8 septembre dernier, en parfaite conformit\u00e9 avec l\u2019article 47 de la Constitution, les tractations pour le choix \u00e0 entreprendre, vont bon train. A croire les d\u00e9clarations du nouveau chef du gouvernement, il se serait [&hellip;]<\/p>\n","protected":false},"author":1760,"featured_media":0,"comment_status":"closed","ping_status":"closed","sticky":false,"template":"","format":"standard","meta":{"fifu_image_url":"","fifu_image_alt":"","footnotes":""},"categories":[73,54],"tags":[],"class_list":["post-127095","post","type-post","status-publish","format-standard","hentry","category-actualite","category-maroc"],"_links":{"self":[{"href":"https:\/\/linitiative.ca\/International\/wp-json\/wp\/v2\/posts\/127095","targetHints":{"allow":["GET"]}}],"collection":[{"href":"https:\/\/linitiative.ca\/International\/wp-json\/wp\/v2\/posts"}],"about":[{"href":"https:\/\/linitiative.ca\/International\/wp-json\/wp\/v2\/types\/post"}],"author":[{"embeddable":true,"href":"https:\/\/linitiative.ca\/International\/wp-json\/wp\/v2\/users\/1760"}],"replies":[{"embeddable":true,"href":"https:\/\/linitiative.ca\/International\/wp-json\/wp\/v2\/comments?post=127095"}],"version-history":[{"count":0,"href":"https:\/\/linitiative.ca\/International\/wp-json\/wp\/v2\/posts\/127095\/revisions"}],"wp:attachment":[{"href":"https:\/\/linitiative.ca\/International\/wp-json\/wp\/v2\/media?parent=127095"}],"wp:term":[{"taxonomy":"category","embeddable":true,"href":"https:\/\/linitiative.ca\/International\/wp-json\/wp\/v2\/categories?post=127095"},{"taxonomy":"post_tag","embeddable":true,"href":"https:\/\/linitiative.ca\/International\/wp-json\/wp\/v2\/tags?post=127095"}],"curies":[{"name":"wp","href":"https:\/\/api.w.org\/{rel}","templated":true}]}}