{"id":127096,"date":"2021-09-14T14:00:00","date_gmt":"2021-09-14T18:00:00","guid":{"rendered":"https:\/\/linitiative.ca\/International\/yahya-saidi-nest-plus\/"},"modified":"2021-09-14T14:00:00","modified_gmt":"2021-09-14T18:00:00","slug":"yahya-saidi-nest-plus","status":"publish","type":"post","link":"https:\/\/linitiative.ca\/International\/yahya-saidi-nest-plus\/","title":{"rendered":"Yahya Sa\u00efdi n\u2019est plus"},"content":{"rendered":"<div>\n<p class=\"has-text-align-center has-vivid-red-color has-text-color\"><strong>Le monde du sport en deuil<\/strong><\/p>\n<p class=\"has-black-color has-text-color\"><strong>Nous avons appris le d\u00e9c\u00e8s, dimanche \u00e0 Rabat, de Sa\u00efdi Yahia, ancien correspondant b\u00e9n\u00e9vole d\u2019Al Bayane dans la capitale isma\u00eflienne, collaborateur sportif de notre journal et expert incontournable sur le droit du sport.<\/strong><\/p>\n<p class=\"has-black-color has-text-color\">Le regrett\u00e9 disparu est devenu un expert de renomm\u00e9e, notamment dans le domaine de l\u2019athl\u00e9tisme dont il \u00e9tait l\u2019un des rares connaisseurs.<\/p>\n<p class=\"has-black-color has-text-color\">Apr\u00e8s avoir \u00e9t\u00e9 correspondant local d\u2019Al Bayane, il \u00e9tait devenu un chroniqueur attitr\u00e9 sur le sport national dont il connaissait les tenants et aboutissants.<\/p>\n<p class=\"has-black-color has-text-color\">Aussi, apr\u00e8s quelques d\u00e9cennies d\u2019exercice journalistique, le d\u00e9funt avait fait un peu le tour de quelques r\u00e9dactions francophones, avant d\u2019\u00e9diter son propre canard, \u00ab Le\u00a0 Message de Mekn\u00e8s \u00bb\u00a0 dont il \u00e9tait le directeur de publication et principal animateur.<\/p>\n<p class=\"has-black-color has-text-color\">Yahya avait \u00e9t\u00e9 d\u00e9sign\u00e9 comme pr\u00e9sident du Centre marocain de l\u2019intelligence sportive, une structure de veille sur la gouvernance sportive.<\/p>\n<p class=\"has-black-color has-text-color\">En cette triste circonstance, nous pr\u00e9sentons nos sinc\u00e8res condol\u00e9ances \u00e0 toute sa famille, notamment \u00e0 son \u00e9pouse Samira Ouahidi et \u00e0 ses deux enfants, Nadir et Rania. Nos condol\u00e9ances vont \u00e9galement \u00e0 tous les membres de sa famille, \u00e0 ses nombreux amis et proches qui partageaient avec lui les heures et malheurs du sport national.<\/p>\n<p class=\"has-black-color has-text-color\">\u00ab Nous sommes \u00e0 Dieu et \u00e0 Lui nous revenons \u00bb.<\/p>\n<p>L\u2019article <a rel=\"nofollow\" href=\"http:\/\/albayane.press.ma\/yahya-saidi-nest-plus.html\">Yahya Sa\u00efdi n\u2019est plus<\/a> est apparu en premier sur <a rel=\"nofollow\" href=\"http:\/\/albayane.press.ma\/\">ALBAYANE<\/a>.<\/p>\n<\/div>\n<p>Auteur: M&rsquo;hammed rahal<br \/>\n<a href=\"http:\/\/albayane.press.ma\/yahya-saidi-nest-plus.html\">Cliquez ici pour lire l&rsquo;article depuis sa source.<\/a><\/p>\n","protected":false},"excerpt":{"rendered":"<p>Le monde du sport en deuil Nous avons appris le d\u00e9c\u00e8s, dimanche \u00e0 Rabat, de Sa\u00efdi Yahia, ancien correspondant b\u00e9n\u00e9vole d\u2019Al Bayane dans la capitale isma\u00eflienne, collaborateur sportif de notre journal et expert incontournable sur le droit du sport. Le regrett\u00e9 disparu est devenu un expert de renomm\u00e9e, notamment dans le domaine de l\u2019athl\u00e9tisme dont [&hellip;]<\/p>\n","protected":false},"author":1760,"featured_media":0,"comment_status":"closed","ping_status":"closed","sticky":false,"template":"","format":"standard","meta":{"fifu_image_url":"","fifu_image_alt":"","footnotes":""},"categories":[73,54],"tags":[],"class_list":["post-127096","post","type-post","status-publish","format-standard","hentry","category-actualite","category-maroc"],"_links":{"self":[{"href":"https:\/\/linitiative.ca\/International\/wp-json\/wp\/v2\/posts\/127096","targetHints":{"allow":["GET"]}}],"collection":[{"href":"https:\/\/linitiative.ca\/International\/wp-json\/wp\/v2\/posts"}],"about":[{"href":"https:\/\/linitiative.ca\/International\/wp-json\/wp\/v2\/types\/post"}],"author":[{"embeddable":true,"href":"https:\/\/linitiative.ca\/International\/wp-json\/wp\/v2\/users\/1760"}],"replies":[{"embeddable":true,"href":"https:\/\/linitiative.ca\/International\/wp-json\/wp\/v2\/comments?post=127096"}],"version-history":[{"count":0,"href":"https:\/\/linitiative.ca\/International\/wp-json\/wp\/v2\/posts\/127096\/revisions"}],"wp:attachment":[{"href":"https:\/\/linitiative.ca\/International\/wp-json\/wp\/v2\/media?parent=127096"}],"wp:term":[{"taxonomy":"category","embeddable":true,"href":"https:\/\/linitiative.ca\/International\/wp-json\/wp\/v2\/categories?post=127096"},{"taxonomy":"post_tag","embeddable":true,"href":"https:\/\/linitiative.ca\/International\/wp-json\/wp\/v2\/tags?post=127096"}],"curies":[{"name":"wp","href":"https:\/\/api.w.org\/{rel}","templated":true}]}}