{"id":127097,"date":"2021-09-14T14:00:00","date_gmt":"2021-09-14T18:00:00","guid":{"rendered":"https:\/\/linitiative.ca\/International\/omar-zniber-met-a-nu-les-allegations-algeriennes-sur-le-sahara\/"},"modified":"2021-09-14T14:00:00","modified_gmt":"2021-09-14T18:00:00","slug":"omar-zniber-met-a-nu-les-allegations-algeriennes-sur-le-sahara","status":"publish","type":"post","link":"https:\/\/linitiative.ca\/International\/omar-zniber-met-a-nu-les-allegations-algeriennes-sur-le-sahara\/","title":{"rendered":"Omar Zniber met \u00e0 nu les all\u00e9gations alg\u00e9riennes sur le Sahara"},"content":{"rendered":"<div>\n<p class=\"has-text-align-center has-vivid-red-color has-text-color\"><strong>48\u00e8me session du Conseil des droits de l\u2019Homme de l\u2019ONU<\/strong><\/p>\n<p class=\"has-black-color has-text-color\"><strong>L\u2019ambassadeur repr\u00e9sentant permanent du Maroc \u00e0 Gen\u00e8ve, Omar Zniber, a d\u00e9nonc\u00e9 une nouvelle fois les all\u00e9gations mensong\u00e8res colport\u00e9es par le repr\u00e9sentant alg\u00e9rien au Conseil des droits de l\u2019Homme (CDH), dans le but d\u2019instrumentaliser les travaux du Conseil dans le sens de l\u2019hostilit\u00e9 maladive du r\u00e9gime de son pays \u00e0 l\u2019\u00e9gard de l\u2019int\u00e9grit\u00e9 territoriale du Royaume.<\/strong><\/p>\n<p class=\"has-black-color has-text-color\">Dans une lettre adress\u00e9e aux ambassadeurs repr\u00e9sentants permanents \u00e0 Gen\u00e8ve et \u00e0 des titulaires de mandats aupr\u00e8s du CDH \u00e0 l\u2019occasion de la 48\u00e8me session du Conseil, M. Zniber attire l\u2019attention sur les man\u0153uvres hostiles et obsessionnelles auxquelles se livre la d\u00e9l\u00e9gation alg\u00e9rienne \u00e0 chaque session de cette instance onusienne pour induire en erreur la communaut\u00e9 internationale au sujet du Sahara marocain.<\/p>\n<p class=\"has-black-color has-text-color\">\u00abCette hostilit\u00e9 se manifeste aux travers d\u2019une d\u00e9claration et d\u2019un side-event, toujours creux et ignor\u00e9s, colportant des mensonges et des expressions verbeuses, sans lien aucun avec notre agenda et nos objectifs \u00bb, a relev\u00e9 l\u2019ambassadeur, notant que \u00ab cette agitation calcul\u00e9e et inavou\u00e9e ne trouve d\u2019ailleurs aucun \u00e9cho, ni obtient d\u2019\u00e9coute, et est au contraire bien d\u00e9cri\u00e9e par la majorit\u00e9 \u00e9crasante des d\u00e9l\u00e9gations, y compris les dizaines d\u2019entre elles qui expriment une compr\u00e9hension claire \u00e0 l\u2019endroit des r\u00e9ponses toujours mesur\u00e9es et conformes aux normes de la d\u00e9l\u00e9gation marocaine \u00bb.<\/p>\n<p class=\"has-black-color has-text-color\">La d\u00e9l\u00e9gation du Maroc \u00e0 Gen\u00e8ve a toujours tenu \u00e0 argumenter ses propos, ses d\u00e9clarations, et \u00e0 documenter les \u00e9l\u00e9ments les plus saillants quant \u00e0 la situation pr\u00e9valant dans les camps de Tindouf, en Alg\u00e9rie, o\u00f9 sont retenus des populations depuis pr\u00e8s d\u2019un demi-si\u00e8cle, dans les camps, r\u00e9duits, militaris\u00e9s, subissant des exactions et des brimades aujourd\u2019hui d\u00e9nonc\u00e9es de plus en plus \u00e0 l\u2019\u00e9chelle internationale, a relev\u00e9 l\u2019ambassadeur qui a joint \u00e0 cette lettre une capsule vid\u00e9o, appuy\u00e9e par des \u00e9l\u00e9ments de preuve \u00e9crits, sur l\u2019implication des s\u00e9paratistes du polisario, \u00e0 la solde du r\u00e9gime militaire alg\u00e9rien depuis cinq d\u00e9cennies, dans des actes criminels de violations massives \u00e0 l\u2019\u00e9gard des populations de ces camps en Alg\u00e9rie.<\/p>\n<p class=\"has-black-color has-text-color\">Il a rappel\u00e9 \u00e0 cet \u00e9gard les t\u00e9moignages poignants exprim\u00e9s par d\u2019anciens hauts dirigeants des milices, apportant des v\u00e9rit\u00e9s incontestables sur le visage r\u00e9el des s\u00e9paratistes et de leurs commanditaires, menant un complot de d\u00e9stabilisation contre le Royaume du Maroc, au m\u00e9pris de toute la r\u00e9gion du Maghreb qui fait face \u00e0 des d\u00e9fis majeurs en terme de stabilit\u00e9 et de s\u00e9curit\u00e9 du fait de l\u2019aventurisme sans borne du r\u00e9gime militaire alg\u00e9rien contre les int\u00e9r\u00eats de son propre peuple dont les ressources ont \u00e9t\u00e9 dilapid\u00e9es et d\u00e9tourn\u00e9es et dont l\u2019incurie, preuve en est les pertes humaines inacceptables dues aux r\u00e9cents feux de for\u00eats, n\u2019a d\u2019\u00e9gal que son aveuglement.<\/p>\n<p class=\"has-black-color has-text-color\">Certaines ONGs, agissant au plan mondial, a-t-il encha\u00een\u00e9, ont d\u00e9nonc\u00e9 le crime toujours en cours de l\u2019enr\u00f4lement d\u2019enfants dans les milices des s\u00e9paratistes, violant ainsi le droit humanitaire et la Convention des droits de l\u2019enfant sous la responsabilit\u00e9 du r\u00e9gime alg\u00e9rien.<\/p>\n<p class=\"has-black-color has-text-color\">De m\u00eame, les instances europ\u00e9ennes comp\u00e9tentes ont mis \u00e0 jour et \u00e9tabli des rapports accablants sur les d\u00e9tournements de l\u2019aide humanitaire destin\u00e9e aux populations d\u00e9munies dans les camps, au profit d\u2019un trafic organis\u00e9 par les chefs des milices, comme en t\u00e9moignent les rapports officiels des instances de la Commission Europ\u00e9enne.<br \/>En outre, a-t-il soutenu, des \u00e9l\u00e9ments d\u2019une gravit\u00e9 sans pr\u00e9c\u00e9dent, pour l\u2019ensemble de la r\u00e9gion, prouvent la pr\u00e9sence d\u2019encadrants du Hezbollah dans les camps de Tindouf et la fourniture d\u2019armements, par ce parti, ayant une capacit\u00e9 de d\u00e9stabilisation et d\u2019atteintes aux populations civiles.<\/p>\n<p class=\"has-black-color has-text-color\">Les milices des s\u00e9paratistes sont \u00e9galement infiltr\u00e9es significativement par des groupes terroristes criminels du Sahel, comme le prouve l\u2019enl\u00e8vement de personnels humanitaires pr\u00e9sents dans les camps de Tindouf, lequel ayant attir\u00e9 l\u2019attention des m\u00e9dias au plan mondial, a-t-il fait remarquer.<\/p>\n<p class=\"has-black-color has-text-color\">M. Zniber a not\u00e9 \u00e9galement que l\u2019action des institutions humanitaires onusiennes fait \u00e9galement l\u2019objet de chantage, comme ce fut le cas en octobre 2020, lorsque les milices du \u00ab polisario \u00bb ont fait irruption dans les locaux du HCR \u00e0 Rabouni en Alg\u00e9rie et ont profan\u00e9 publiquement son drapeau dans une action provocatrice et une violation flagrante du droit humanitaire.<\/p>\n<p class=\"has-black-color has-text-color\">D\u2019autre part, les m\u00e9canismes comp\u00e9tents du Conseil des Droits de l\u2019Homme (CDH) et ses proc\u00e9dures sont saisis, des tr\u00e8s nombreux cas de victimes d\u2019actes de torture, de disparitions forc\u00e9es, d\u2019ex\u00e9cutions extrajudiciaires, de d\u00e9tentions arbitraires, visant les opposants de la nomenklatura contr\u00f4lant ces camps, sous supervision et autorit\u00e9 de l\u2019arm\u00e9e alg\u00e9rienne, depuis des d\u00e9cennies, sans aucune suite donn\u00e9e \u00e0 ces requ\u00eates, ce qui est constamment rappel\u00e9 \u00e0 travers les communiqu\u00e9s de ces proc\u00e9dures.<\/p>\n<p class=\"has-black-color has-text-color\">D\u00e9non\u00e7ant le calvaire des familles retenues en otage dans les camps de Tindouf, il a indiqu\u00e9 que le Royaume du Maroc demeure attach\u00e9, plus que jamais, \u00e0 mettre fin \u00e0 ce drame humain, dont la responsabilit\u00e9 historique incombe totalement aux auteurs et manipulateurs du complot s\u00e9paratiste.<\/p>\n<p class=\"has-black-color has-text-color\">\u00abLes populations dans les camps de Tindouf, jamais recens\u00e9es, par refus des dirigeants alg\u00e9riens, sont appel\u00e9es \u00e0 rejoindre leur patrie, le Royaume du Maroc, qui a transform\u00e9 les provinces du Sud au Sahara marocain, depuis leur r\u00e9cup\u00e9ration en 1975, d\u2019un d\u00e9sert d\u00e9muni, pauvre et abandonn\u00e9, en un axe de d\u00e9veloppement \u00e9conomique, social, culturel, sans \u00e9gal dans la r\u00e9gion, et devenant un exemple de d\u00e9fi relev\u00e9 au plan international \u00bb, a-t-il soulign\u00e9.<\/p>\n<p>L\u2019article <a rel=\"nofollow\" href=\"http:\/\/albayane.press.ma\/omar-zniber-met-a-nu-les-allegations-algeriennes-sur-le-sahara.html\">Omar Zniber met \u00e0 nu les all\u00e9gations alg\u00e9riennes sur le Sahara<\/a> est apparu en premier sur <a rel=\"nofollow\" href=\"http:\/\/albayane.press.ma\/\">ALBAYANE<\/a>.<\/p>\n<\/div>\n<p>Auteur: M&rsquo;hammed rahal<br \/>\n<a href=\"http:\/\/albayane.press.ma\/omar-zniber-met-a-nu-les-allegations-algeriennes-sur-le-sahara.html\">Cliquez ici pour lire l&rsquo;article depuis sa source.<\/a><\/p>\n","protected":false},"excerpt":{"rendered":"<p>48\u00e8me session du Conseil des droits de l\u2019Homme de l\u2019ONU L\u2019ambassadeur repr\u00e9sentant permanent du Maroc \u00e0 Gen\u00e8ve, Omar Zniber, a d\u00e9nonc\u00e9 une nouvelle fois les all\u00e9gations mensong\u00e8res colport\u00e9es par le repr\u00e9sentant alg\u00e9rien au Conseil des droits de l\u2019Homme (CDH), dans le but d\u2019instrumentaliser les travaux du Conseil dans le sens de l\u2019hostilit\u00e9 maladive du r\u00e9gime [&hellip;]<\/p>\n","protected":false},"author":1760,"featured_media":0,"comment_status":"closed","ping_status":"closed","sticky":false,"template":"","format":"standard","meta":{"fifu_image_url":"","fifu_image_alt":"","footnotes":""},"categories":[73,54],"tags":[],"class_list":["post-127097","post","type-post","status-publish","format-standard","hentry","category-actualite","category-maroc"],"_links":{"self":[{"href":"https:\/\/linitiative.ca\/International\/wp-json\/wp\/v2\/posts\/127097","targetHints":{"allow":["GET"]}}],"collection":[{"href":"https:\/\/linitiative.ca\/International\/wp-json\/wp\/v2\/posts"}],"about":[{"href":"https:\/\/linitiative.ca\/International\/wp-json\/wp\/v2\/types\/post"}],"author":[{"embeddable":true,"href":"https:\/\/linitiative.ca\/International\/wp-json\/wp\/v2\/users\/1760"}],"replies":[{"embeddable":true,"href":"https:\/\/linitiative.ca\/International\/wp-json\/wp\/v2\/comments?post=127097"}],"version-history":[{"count":0,"href":"https:\/\/linitiative.ca\/International\/wp-json\/wp\/v2\/posts\/127097\/revisions"}],"wp:attachment":[{"href":"https:\/\/linitiative.ca\/International\/wp-json\/wp\/v2\/media?parent=127097"}],"wp:term":[{"taxonomy":"category","embeddable":true,"href":"https:\/\/linitiative.ca\/International\/wp-json\/wp\/v2\/categories?post=127097"},{"taxonomy":"post_tag","embeddable":true,"href":"https:\/\/linitiative.ca\/International\/wp-json\/wp\/v2\/tags?post=127097"}],"curies":[{"name":"wp","href":"https:\/\/api.w.org\/{rel}","templated":true}]}}