{"id":127098,"date":"2021-09-15T07:50:00","date_gmt":"2021-09-15T11:50:00","guid":{"rendered":"https:\/\/linitiative.ca\/International\/7-ans-de-prison-ferme-et-une-amende-de-4-millions-requis\/"},"modified":"2021-09-15T07:50:00","modified_gmt":"2021-09-15T11:50:00","slug":"7-ans-de-prison-ferme-et-une-amende-de-4-millions-requis","status":"publish","type":"post","link":"https:\/\/linitiative.ca\/International\/7-ans-de-prison-ferme-et-une-amende-de-4-millions-requis\/","title":{"rendered":"7 ans de prison ferme et une amende de 4 millions requis"},"content":{"rendered":"<div>Le procureur de la R\u00e9publique pr\u00e8s le p\u00f4le \u00e9conomique et financier de Sidi M&rsquo;hamed (Alger) a requis mercredi une peine de 7 ans de prison ferme et une amende de 4 millions de DA \u00e0 l&rsquo;encontre de Hamid Melzi, l&rsquo;ex-Directeur g\u00e9n\u00e9ral (DG)&#8230;<\/div>\n<p>Auteur:<br \/>\n<a href=\"https:\/\/www.liberte-algerie.com\/actualite\/7-ans-de-prison-ferme-et-une-amende-de-4-millions-requis-365036\">Cliquez ici pour lire l&rsquo;article depuis sa source.<\/a><\/p>\n","protected":false},"excerpt":{"rendered":"<p>Le procureur de la R\u00e9publique pr\u00e8s le p\u00f4le \u00e9conomique et financier de Sidi M&rsquo;hamed (Alger) a requis mercredi une peine de 7 ans de prison ferme et une amende de 4 millions de DA \u00e0 l&rsquo;encontre de Hamid Melzi, l&rsquo;ex-Directeur g\u00e9n\u00e9ral (DG)&#8230; Auteur: Cliquez ici pour lire l&rsquo;article depuis sa source.<\/p>\n","protected":false},"author":1742,"featured_media":0,"comment_status":"closed","ping_status":"closed","sticky":false,"template":"","format":"standard","meta":{"fifu_image_url":"","fifu_image_alt":"","footnotes":""},"categories":[73,53],"tags":[],"class_list":["post-127098","post","type-post","status-publish","format-standard","hentry","category-actualite","category-algerie"],"_links":{"self":[{"href":"https:\/\/linitiative.ca\/International\/wp-json\/wp\/v2\/posts\/127098","targetHints":{"allow":["GET"]}}],"collection":[{"href":"https:\/\/linitiative.ca\/International\/wp-json\/wp\/v2\/posts"}],"about":[{"href":"https:\/\/linitiative.ca\/International\/wp-json\/wp\/v2\/types\/post"}],"author":[{"embeddable":true,"href":"https:\/\/linitiative.ca\/International\/wp-json\/wp\/v2\/users\/1742"}],"replies":[{"embeddable":true,"href":"https:\/\/linitiative.ca\/International\/wp-json\/wp\/v2\/comments?post=127098"}],"version-history":[{"count":0,"href":"https:\/\/linitiative.ca\/International\/wp-json\/wp\/v2\/posts\/127098\/revisions"}],"wp:attachment":[{"href":"https:\/\/linitiative.ca\/International\/wp-json\/wp\/v2\/media?parent=127098"}],"wp:term":[{"taxonomy":"category","embeddable":true,"href":"https:\/\/linitiative.ca\/International\/wp-json\/wp\/v2\/categories?post=127098"},{"taxonomy":"post_tag","embeddable":true,"href":"https:\/\/linitiative.ca\/International\/wp-json\/wp\/v2\/tags?post=127098"}],"curies":[{"name":"wp","href":"https:\/\/api.w.org\/{rel}","templated":true}]}}