{"id":127101,"date":"2021-09-15T10:05:43","date_gmt":"2021-09-15T14:05:43","guid":{"rendered":"https:\/\/linitiative.ca\/International\/des-mesures-pour-accelerer-la-vaccination-des-eleves-12-17-ans\/"},"modified":"2021-09-15T10:05:43","modified_gmt":"2021-09-15T14:05:43","slug":"des-mesures-pour-accelerer-la-vaccination-des-eleves-12-17-ans","status":"publish","type":"post","link":"https:\/\/linitiative.ca\/International\/des-mesures-pour-accelerer-la-vaccination-des-eleves-12-17-ans\/","title":{"rendered":"Des mesures pour acc\u00e9l\u00e9rer la vaccination des \u00e9l\u00e8ves 12-17 ans"},"content":{"rendered":"<div>\n<div style=\"margin-bottom:20px;\"><img loading=\"lazy\" decoding=\"async\" width=\"750\" height=\"430\" src=\"https:\/\/linitiative.ca\/International\/wp-content\/uploads\/sites\/23\/2021\/09\/vaccination-al-haouz-1-copier.jpg\" class=\"attachment-post-thumbnail size-post-thumbnail wp-post-image\" alt=\"\" srcset=\"https:\/\/linitiative.ca\/International\/wp-content\/uploads\/sites\/23\/2021\/09\/vaccination-al-haouz-1-copier.jpg 750w, http:\/\/www.mapmarrakech.ma\/map\/uploads\/2021\/09\/vaccination-al-haouz-1-copier-300x172.jpg 300w\" sizes=\"auto, (max-width: 750px) 100vw, 750px\"><\/div>\n<p>Pour ce faire, il a \u00e9t\u00e9 proc\u00e9d\u00e9 \u00e0 l\u2019\u00e9largissement et au renforcement de cette op\u00e9ration au profit des \u00e9l\u00e8ves issus des diff\u00e9rentes zones relevant de cette partie du territoire national, tout en leur assurant une meilleure orientation vers les Centres de vaccination les plus proches.<\/p>\n<p>En plus des 10 vaccinodromes am\u00e9nag\u00e9s pour la circonstance et r\u00e9partis sur l\u2019ensemble du territoire de la province, des unit\u00e9s mobiles de vaccination anti-Covid-19 ont \u00e9t\u00e9, de m\u00eame, mobilis\u00e9es de mani\u00e8re \u00e0 mieux desservir les zones \u00e9loign\u00e9es et recul\u00e9es au niveau de cette province, r\u00e9put\u00e9e pour l\u2019\u00e9tendue de son territoire ainsi que par ses zones montagneuses et ses reliefs accident\u00e9s.<\/p>\n<p>En outre, la Direction provinciale de l\u2019Education Nationale \u0153uvre, en coordination avec les autorit\u00e9s locales et les autorit\u00e9s sanitaires, pour \u00e9largir le nombre de vaccinodromes.<\/p>\n<p>La campagne de vaccination anti-Covid-19 en faveur des \u00e9l\u00e8ves de 12-17 ans au niveau de la province d\u2019Al Haouz, se poursuit dans d\u2019excellentes conditions et dans un climat empreint de mobilisation et de responsabilit\u00e9 et dans le strict respect des mesures pr\u00e9ventives visant \u00e0 enrayer la propagation de la pand\u00e9mie du nouveau coronavirus (Covid-19).<\/p>\n<p>Cette op\u00e9ration qui cible quelque 53.723 \u00e9l\u00e8ves issus de diff\u00e9rentes communes de la province, conna\u00eet une forte affluence des \u00e9l\u00e8ves, gr\u00e2ce \u00e0 une campagne de sensibilisation continue et soutenue et la mobilisation des autorit\u00e9s sanitaires, des autorit\u00e9s locales, de la Direction provinciale de l\u2019\u00e9ducation nationale \u00e0 Al Haouz, de l\u2019association des parents et tuteurs d\u2019\u00e9l\u00e8ves ainsi que les cadres \u00e9ducatifs.<\/p>\n<p>The post <a rel=\"nofollow\" href=\"http:\/\/www.mapmarrakech.ma\/fr\/des-mesures-pour-accelerer-la-vaccination-des-eleves-12-17-ans\/\">Des mesures pour acc\u00e9l\u00e9rer la vaccination des \u00e9l\u00e8ves 12-17 ans<\/a> appeared first on <a rel=\"nofollow\" href=\"http:\/\/www.mapmarrakech.ma\/fr\">MapMarrakech<\/a>.<\/p>\n<\/div>\n<p>Auteur: Meriem IGASS<br \/>\n<a href=\"http:\/\/www.mapmarrakech.ma\/fr\/des-mesures-pour-accelerer-la-vaccination-des-eleves-12-17-ans\/\">Cliquez ici pour lire l&rsquo;article depuis sa source.<\/a><\/p>\n","protected":false},"excerpt":{"rendered":"<p>Pour ce faire, il a \u00e9t\u00e9 proc\u00e9d\u00e9 \u00e0 l\u2019\u00e9largissement et au renforcement de cette op\u00e9ration au profit des \u00e9l\u00e8ves issus des diff\u00e9rentes zones relevant de cette partie du territoire national, tout en leur assurant une meilleure orientation vers les Centres de vaccination les plus proches. En plus des 10 vaccinodromes am\u00e9nag\u00e9s pour la circonstance et [&hellip;]<\/p>\n","protected":false},"author":1788,"featured_media":0,"comment_status":"closed","ping_status":"closed","sticky":false,"template":"","format":"standard","meta":{"fifu_image_url":"http:\/\/www.mapmarrakech.ma\/map\/uploads\/2021\/09\/vaccination-al-haouz-1-copier.jpg","fifu_image_alt":"Des mesures pour acc\u00e9l\u00e9rer la vaccination des \u00e9l\u00e8ves 12-17 ans","footnotes":""},"categories":[54,76],"tags":[],"class_list":["post-127101","post","type-post","status-publish","format-standard","hentry","category-maroc","category-regions"],"_links":{"self":[{"href":"https:\/\/linitiative.ca\/International\/wp-json\/wp\/v2\/posts\/127101","targetHints":{"allow":["GET"]}}],"collection":[{"href":"https:\/\/linitiative.ca\/International\/wp-json\/wp\/v2\/posts"}],"about":[{"href":"https:\/\/linitiative.ca\/International\/wp-json\/wp\/v2\/types\/post"}],"author":[{"embeddable":true,"href":"https:\/\/linitiative.ca\/International\/wp-json\/wp\/v2\/users\/1788"}],"replies":[{"embeddable":true,"href":"https:\/\/linitiative.ca\/International\/wp-json\/wp\/v2\/comments?post=127101"}],"version-history":[{"count":0,"href":"https:\/\/linitiative.ca\/International\/wp-json\/wp\/v2\/posts\/127101\/revisions"}],"wp:attachment":[{"href":"https:\/\/linitiative.ca\/International\/wp-json\/wp\/v2\/media?parent=127101"}],"wp:term":[{"taxonomy":"category","embeddable":true,"href":"https:\/\/linitiative.ca\/International\/wp-json\/wp\/v2\/categories?post=127101"},{"taxonomy":"post_tag","embeddable":true,"href":"https:\/\/linitiative.ca\/International\/wp-json\/wp\/v2\/tags?post=127101"}],"curies":[{"name":"wp","href":"https:\/\/api.w.org\/{rel}","templated":true}]}}