{"id":127103,"date":"2021-09-15T12:03:27","date_gmt":"2021-09-15T16:03:27","guid":{"rendered":"https:\/\/linitiative.ca\/International\/sm-le-roi-mohammed-vi-chef-supreme-et-chef-detat-major-general-des-far-nomme-le-general-de-corps-darmee-belkhir-el-farouk-inspecteur-general-des-far\/"},"modified":"2021-09-15T12:03:27","modified_gmt":"2021-09-15T16:03:27","slug":"sm-le-roi-mohammed-vi-chef-supreme-et-chef-detat-major-general-des-far-nomme-le-general-de-corps-darmee-belkhir-el-farouk-inspecteur-general-des-far","status":"publish","type":"post","link":"https:\/\/linitiative.ca\/International\/sm-le-roi-mohammed-vi-chef-supreme-et-chef-detat-major-general-des-far-nomme-le-general-de-corps-darmee-belkhir-el-farouk-inspecteur-general-des-far\/","title":{"rendered":"SM le Roi Mohammed VI, Chef Supr\u00eame et Chef d\u2019Etat-major G\u00e9n\u00e9ral des FAR nomme le G\u00e9n\u00e9ral de Corps d\u2019Arm\u00e9e, Belkhir El Farouk, inspecteur g\u00e9n\u00e9ral des FAR"},"content":{"rendered":"<div>\n<div style=\"margin-bottom:20px;\"><img loading=\"lazy\" decoding=\"async\" width=\"750\" height=\"430\" src=\"https:\/\/linitiative.ca\/International\/wp-content\/uploads\/sites\/23\/2021\/09\/SMM-750C397430.jpg\" class=\"attachment-post-thumbnail size-post-thumbnail wp-post-image\" alt=\"\" srcset=\"https:\/\/linitiative.ca\/International\/wp-content\/uploads\/sites\/23\/2021\/09\/SMM-750C397430.jpg 750w, http:\/\/www.mapmarrakech.ma\/map\/uploads\/2021\/09\/SMM-750\u00d7430-300x172.jpg 300w\" sizes=\"auto, (max-width: 750px) 100vw, 750px\"><\/div>\n<p>Voici la traduction du communiqu\u00e9:<\/p>\n<p>\u00ab\u00a0Le minist\u00e8re de la maison royale, du protocole et de la chancellerie annonce que SM le Roi Mohammed VI, Que Dieu l\u2019assiste, Chef Supr\u00eame et Chef d\u2019Etat-major G\u00e9n\u00e9ral des FAR a bien voulu nommer le G\u00e9n\u00e9ral de Corps d\u2019Arm\u00e9e, Belkhir El Farouk, inspecteur g\u00e9n\u00e9ral des FAR, en remplacement du G\u00e9n\u00e9ral de Corps d\u2019Arm\u00e9e, Abdelfattah Louarak.<\/p>\n<p>Le G\u00e9n\u00e9ral de Corps d\u2019Arm\u00e9e Belkhir El Farouk a \u00e9t\u00e9 choisi pour ce poste au vu de ses comp\u00e9tences professionnelles et de l\u2019esprit \u00e9lev\u00e9 de responsabilit\u00e9 dont il a fait preuve lors des diff\u00e9rentes missions qui lui ont \u00e9t\u00e9 confi\u00e9es.<\/p>\n<p>Le G\u00e9n\u00e9ral de Corps d\u2019Arm\u00e9e Belkhir El Farouk continuera d\u2019assumer ses missions de Commandant la Zone Sud\u00a0\u00bb.<\/p>\n<p>The post <a rel=\"nofollow\" href=\"http:\/\/www.mapmarrakech.ma\/fr\/sm-le-roi-mohammed-vi-chef-supreme-et-chef-detat-major-general-des-far-nomme-le-general-de-corps-darmee-belkhir-el-farouk-inspecteur-general-des-far\/\">SM le Roi Mohammed VI, Chef Supr\u00eame et Chef d\u2019Etat-major G\u00e9n\u00e9ral des FAR nomme le G\u00e9n\u00e9ral de Corps d\u2019Arm\u00e9e, Belkhir El Farouk, inspecteur g\u00e9n\u00e9ral des FAR<\/a> appeared first on <a rel=\"nofollow\" href=\"http:\/\/www.mapmarrakech.ma\/fr\">MapMarrakech<\/a>.<\/p>\n<\/div>\n<p>Auteur: Meriem IGASS<br \/>\n<a href=\"http:\/\/www.mapmarrakech.ma\/fr\/sm-le-roi-mohammed-vi-chef-supreme-et-chef-detat-major-general-des-far-nomme-le-general-de-corps-darmee-belkhir-el-farouk-inspecteur-general-des-far\/\">Cliquez ici pour lire l&rsquo;article depuis sa source.<\/a><\/p>\n","protected":false},"excerpt":{"rendered":"<p>Voici la traduction du communiqu\u00e9: \u00ab\u00a0Le minist\u00e8re de la maison royale, du protocole et de la chancellerie annonce que SM le Roi Mohammed VI, Que Dieu l\u2019assiste, Chef Supr\u00eame et Chef d\u2019Etat-major G\u00e9n\u00e9ral des FAR a bien voulu nommer le G\u00e9n\u00e9ral de Corps d\u2019Arm\u00e9e, Belkhir El Farouk, inspecteur g\u00e9n\u00e9ral des FAR, en remplacement du G\u00e9n\u00e9ral [&hellip;]<\/p>\n","protected":false},"author":1788,"featured_media":0,"comment_status":"closed","ping_status":"closed","sticky":false,"template":"","format":"standard","meta":{"fifu_image_url":"http:\/\/www.mapmarrakech.ma\/map\/uploads\/2021\/09\/SMM-750\u00d7430.jpg","fifu_image_alt":"SM le Roi Mohammed VI, Chef Supr\u00eame et Chef d\u2019Etat-major G\u00e9n\u00e9ral des FAR nomme le G\u00e9n\u00e9ral de Corps d\u2019Arm\u00e9e, Belkhir El Farouk, inspecteur g\u00e9n\u00e9ral des FAR","footnotes":""},"categories":[54,76],"tags":[],"class_list":["post-127103","post","type-post","status-publish","format-standard","hentry","category-maroc","category-regions"],"_links":{"self":[{"href":"https:\/\/linitiative.ca\/International\/wp-json\/wp\/v2\/posts\/127103","targetHints":{"allow":["GET"]}}],"collection":[{"href":"https:\/\/linitiative.ca\/International\/wp-json\/wp\/v2\/posts"}],"about":[{"href":"https:\/\/linitiative.ca\/International\/wp-json\/wp\/v2\/types\/post"}],"author":[{"embeddable":true,"href":"https:\/\/linitiative.ca\/International\/wp-json\/wp\/v2\/users\/1788"}],"replies":[{"embeddable":true,"href":"https:\/\/linitiative.ca\/International\/wp-json\/wp\/v2\/comments?post=127103"}],"version-history":[{"count":0,"href":"https:\/\/linitiative.ca\/International\/wp-json\/wp\/v2\/posts\/127103\/revisions"}],"wp:attachment":[{"href":"https:\/\/linitiative.ca\/International\/wp-json\/wp\/v2\/media?parent=127103"}],"wp:term":[{"taxonomy":"category","embeddable":true,"href":"https:\/\/linitiative.ca\/International\/wp-json\/wp\/v2\/categories?post=127103"},{"taxonomy":"post_tag","embeddable":true,"href":"https:\/\/linitiative.ca\/International\/wp-json\/wp\/v2\/tags?post=127103"}],"curies":[{"name":"wp","href":"https:\/\/api.w.org\/{rel}","templated":true}]}}