{"id":127109,"date":"2021-09-15T11:54:00","date_gmt":"2021-09-15T15:54:00","guid":{"rendered":"https:\/\/linitiative.ca\/International\/le-roi-mohammed-vi-nomme-le-general-de-corps-darmee-belkhir-el-farouk-inspecteur-general-des-far\/"},"modified":"2021-09-15T11:54:00","modified_gmt":"2021-09-15T15:54:00","slug":"le-roi-mohammed-vi-nomme-le-general-de-corps-darmee-belkhir-el-farouk-inspecteur-general-des-far","status":"publish","type":"post","link":"https:\/\/linitiative.ca\/International\/le-roi-mohammed-vi-nomme-le-general-de-corps-darmee-belkhir-el-farouk-inspecteur-general-des-far\/","title":{"rendered":"Le Roi Mohammed VI nomme le G\u00e9n\u00e9ral de Corps d&rsquo;Arm\u00e9e, Belkhir El Farouk, inspecteur g\u00e9n\u00e9ral des FAR"},"content":{"rendered":"<div>\n<div class=\"field field-name-body field-type-text-with-summary field-label-hidden\">\n<div class=\"field-items\">\n<div class=\"field-item even\" property=\"content:encoded\">\n<p>SM le Roi Mohammed VI, Chef Supr\u00eame et Chef d&rsquo;Etat-major G\u00e9n\u00e9ral des FAR, a nomm\u00e9 le G\u00e9n\u00e9ral de Corps d&rsquo;Arm\u00e9e, Belkhir El Farouk, inspecteur g\u00e9n\u00e9ral des FAR, en remplacement du G\u00e9n\u00e9ral de Corps d&rsquo;Arm\u00e9e, Abdelfattah Louarak, annonce dans un communiqu\u00e9 le minist\u00e8re de la maison royale, du protocole et de la chancellerie.<\/p>\n<p>Voici la traduction du communiqu\u00e9:<\/p>\n<\/div>\n<\/div>\n<\/div>\n<\/div>\n<p>Auteur: mbasraoui<br \/>\n<a href=\"https:\/\/www.leconomiste.com\/flash-infos\/le-roi-mohammed-vi-nomme-le-general-de-corps-d-armee-belkhir-el-farouk-inspecteur\">Cliquez ici pour lire l&rsquo;article depuis sa source.<\/a><\/p>\n","protected":false},"excerpt":{"rendered":"<p>SM le Roi Mohammed VI, Chef Supr\u00eame et Chef d&rsquo;Etat-major G\u00e9n\u00e9ral des FAR, a nomm\u00e9 le G\u00e9n\u00e9ral de Corps d&rsquo;Arm\u00e9e, Belkhir El Farouk, inspecteur g\u00e9n\u00e9ral des FAR, en remplacement du G\u00e9n\u00e9ral de Corps d&rsquo;Arm\u00e9e, Abdelfattah Louarak, annonce dans un communiqu\u00e9 le minist\u00e8re de la maison royale, du protocole et de la chancellerie. Voici la traduction [&hellip;]<\/p>\n","protected":false},"author":1763,"featured_media":0,"comment_status":"closed","ping_status":"closed","sticky":false,"template":"","format":"standard","meta":{"fifu_image_url":"","fifu_image_alt":"","footnotes":""},"categories":[78,54],"tags":[],"class_list":["post-127109","post","type-post","status-publish","format-standard","hentry","category-economie","category-maroc"],"_links":{"self":[{"href":"https:\/\/linitiative.ca\/International\/wp-json\/wp\/v2\/posts\/127109","targetHints":{"allow":["GET"]}}],"collection":[{"href":"https:\/\/linitiative.ca\/International\/wp-json\/wp\/v2\/posts"}],"about":[{"href":"https:\/\/linitiative.ca\/International\/wp-json\/wp\/v2\/types\/post"}],"author":[{"embeddable":true,"href":"https:\/\/linitiative.ca\/International\/wp-json\/wp\/v2\/users\/1763"}],"replies":[{"embeddable":true,"href":"https:\/\/linitiative.ca\/International\/wp-json\/wp\/v2\/comments?post=127109"}],"version-history":[{"count":0,"href":"https:\/\/linitiative.ca\/International\/wp-json\/wp\/v2\/posts\/127109\/revisions"}],"wp:attachment":[{"href":"https:\/\/linitiative.ca\/International\/wp-json\/wp\/v2\/media?parent=127109"}],"wp:term":[{"taxonomy":"category","embeddable":true,"href":"https:\/\/linitiative.ca\/International\/wp-json\/wp\/v2\/categories?post=127109"},{"taxonomy":"post_tag","embeddable":true,"href":"https:\/\/linitiative.ca\/International\/wp-json\/wp\/v2\/tags?post=127109"}],"curies":[{"name":"wp","href":"https:\/\/api.w.org\/{rel}","templated":true}]}}