{"id":127114,"date":"2021-09-15T08:28:00","date_gmt":"2021-09-15T12:28:00","guid":{"rendered":"https:\/\/linitiative.ca\/International\/barca-laporta-provoque-une-reunion-de-crise\/"},"modified":"2021-09-15T08:28:00","modified_gmt":"2021-09-15T12:28:00","slug":"barca-laporta-provoque-une-reunion-de-crise","status":"publish","type":"post","link":"https:\/\/linitiative.ca\/International\/barca-laporta-provoque-une-reunion-de-crise\/","title":{"rendered":"Bar\u00e7a : Laporta provoque une r\u00e9union de crise"},"content":{"rendered":"<div>Suite \u00e0 la large d\u00e9faite du Bar\u00e7a face au Bayern (0-3), mardi 14 septembre lors de la premi\u00e8re journ\u00e9e de Ligue des champions, les dirigeants du club catalan ont convoqu\u00e9 une r\u00e9union de crise<img loading=\"lazy\" decoding=\"async\" src=\"http:\/\/feeds.feedburner.com\/~r\/GalerieFArtciles\/~4\/4HagUhggpW8\" height=\"1\" width=\"1\" alt=\"\"><\/div>\n<p>Auteur:<br \/>\n<a href=\"http:\/\/www.lebuteur.com\/article\/detail?titre=barca-laporta-provoque-une-reunion-de-crise&#038;id=101096&#038;utm_source=feedburner&#038;utm_medium=feed&#038;utm_campaign=Feed%3A+GalerieFArtciles+%28Les+derniers+articles++-+lebuteur.com%29\">Cliquez ici pour lire l&rsquo;article depuis sa source.<\/a><\/p>\n","protected":false},"excerpt":{"rendered":"<p>Suite \u00e0 la large d\u00e9faite du Bar\u00e7a face au Bayern (0-3), mardi 14 septembre lors de la premi\u00e8re journ\u00e9e de Ligue des champions, les dirigeants du club catalan ont convoqu\u00e9 une r\u00e9union de crise Auteur: Cliquez ici pour lire l&rsquo;article depuis sa source.<\/p>\n","protected":false},"author":1738,"featured_media":0,"comment_status":"closed","ping_status":"closed","sticky":false,"template":"","format":"standard","meta":{"fifu_image_url":"http:\/\/feeds.feedburner.com\/~r\/GalerieFArtciles\/~4\/4HagUhggpW8","fifu_image_alt":"Bar\u00e7a : Laporta provoque une r\u00e9union de crise","footnotes":""},"categories":[53,75],"tags":[],"class_list":["post-127114","post","type-post","status-publish","format-standard","hentry","category-algerie","category-sport"],"_links":{"self":[{"href":"https:\/\/linitiative.ca\/International\/wp-json\/wp\/v2\/posts\/127114","targetHints":{"allow":["GET"]}}],"collection":[{"href":"https:\/\/linitiative.ca\/International\/wp-json\/wp\/v2\/posts"}],"about":[{"href":"https:\/\/linitiative.ca\/International\/wp-json\/wp\/v2\/types\/post"}],"author":[{"embeddable":true,"href":"https:\/\/linitiative.ca\/International\/wp-json\/wp\/v2\/users\/1738"}],"replies":[{"embeddable":true,"href":"https:\/\/linitiative.ca\/International\/wp-json\/wp\/v2\/comments?post=127114"}],"version-history":[{"count":0,"href":"https:\/\/linitiative.ca\/International\/wp-json\/wp\/v2\/posts\/127114\/revisions"}],"wp:attachment":[{"href":"https:\/\/linitiative.ca\/International\/wp-json\/wp\/v2\/media?parent=127114"}],"wp:term":[{"taxonomy":"category","embeddable":true,"href":"https:\/\/linitiative.ca\/International\/wp-json\/wp\/v2\/categories?post=127114"},{"taxonomy":"post_tag","embeddable":true,"href":"https:\/\/linitiative.ca\/International\/wp-json\/wp\/v2\/tags?post=127114"}],"curies":[{"name":"wp","href":"https:\/\/api.w.org\/{rel}","templated":true}]}}