{"id":127117,"date":"2021-09-15T06:39:22","date_gmt":"2021-09-15T10:39:22","guid":{"rendered":"https:\/\/linitiative.ca\/International\/rester-sur-format-papier-du-livre-scolaire-cest-condamner-lecole-a-etre-depassee\/"},"modified":"2021-09-15T06:39:22","modified_gmt":"2021-09-15T10:39:22","slug":"rester-sur-format-papier-du-livre-scolaire-cest-condamner-lecole-a-etre-depassee","status":"publish","type":"post","link":"https:\/\/linitiative.ca\/International\/rester-sur-format-papier-du-livre-scolaire-cest-condamner-lecole-a-etre-depassee\/","title":{"rendered":"\u00abRester sur format papier du livre scolaire c\u2019est condamner l\u2019\u00e9cole \u00e0 \u00eatre d\u00e9pass\u00e9e\u00bb"},"content":{"rendered":"<div>\n<div class=\"sriret\"><img decoding=\"async\" src=\"https:\/\/linitiative.ca\/International\/wp-content\/uploads\/sites\/23\/2021\/09\/default-picture-709x366_c-46.jpg\"><\/div>\n<p class=\"p4\"><span class=\"s4\"><b><i>\u2013 Lors du dernier Conseil des ministres, le pr\u00e9sident de la R\u00e9publique a donn\u00e9 des instructions afin de r\u00e9duire le poids du cartable. Est-ce possible aujourd\u2019hui de le faire, notamment \u00e0 la veille de la rentr\u00e9e scolaire\u00a0?<\/i><\/b><\/span><\/p>\n<p class=\"p4\"><span class=\"s4\">Le poids du cartable est un probl\u00e8me r\u00e9current qui revient \u00e0 chaque rentr\u00e9e scolaire. Il a \u00e9t\u00e9 expos\u00e9 \u00e0 plusieurs reprises sur la table des diff\u00e9rents ministres qui se sont succ\u00e9d\u00e9 \u00e0 la t\u00eate du secteur. L\u2019Office national des publications scolaires (ONPS) n\u2019a pas cach\u00e9 sa volont\u00e9 de revoir le poids des manuels scolaires et d\u2019aller vers des solutions plus modernes, \u00e0 savoir la num\u00e9risation du livre scolaire.<\/span><\/p>\n<p class=\"p4\"><span class=\"s4\">Toutefois, pour des consid\u00e9rations diverses, cela n\u2019a pas \u00e9t\u00e9 concr\u00e9tis\u00e9. Sa plus grande crainte est que le manuel num\u00e9rique tue le papier. Or, ce n\u2019est pas vrai. Le digital est toujours un support b\u00e9n\u00e9fique \u00e0 la version papier. Comme premi\u00e8re phase, il est tout \u00e0 fait possible d\u2019all\u00e9ger le contenu des livres classiques avec des renvois vers des supports num\u00e9riques disponibles sur CD, tablette ou carr\u00e9ment en ligne.<\/span><\/p>\n<p class=\"p4\"><span class=\"s4\">Il faut savoir que sur le plan p\u00e9dagogique, le num\u00e9rique offre une multitude de possibilit\u00e9s et facilite la t\u00e2che des enseignants dans le process d\u2019apprentissage. Avec des images, des vid\u00e9os et des illustrations, l\u2019enseignement sera plus int\u00e9ressant et prendra une forme ludique attirante. <\/span><\/p>\n<p>L\u2019article <a rel=\"nofollow\" href=\"https:\/\/www.elwatan.com\/edition\/actualite\/rester-sur-format-papier-du-livre-scolaire-cest-condamner-lecole-a-etre-depassee-15-09-2021\">\u00abRester sur format papier du livre scolaire c\u2019est condamner l\u2019\u00e9cole \u00e0 \u00eatre d\u00e9pass\u00e9e\u00bb<\/a> est apparu en premier sur <a rel=\"nofollow\" href=\"https:\/\/www.elwatan.com\/\">El Watan<\/a>.<\/p>\n<\/div>\n<p>Auteur: Anis Khecheba<br \/>\n<a href=\"https:\/\/www.elwatan.com\/edition\/actualite\/rester-sur-format-papier-du-livre-scolaire-cest-condamner-lecole-a-etre-depassee-15-09-2021\">Cliquez ici pour lire l&rsquo;article depuis sa source.<\/a><\/p>\n","protected":false},"excerpt":{"rendered":"<p>\u2013 Lors du dernier Conseil des ministres, le pr\u00e9sident de la R\u00e9publique a donn\u00e9 des instructions afin de r\u00e9duire le poids du cartable. Est-ce possible aujourd\u2019hui de le faire, notamment \u00e0 la veille de la rentr\u00e9e scolaire\u00a0? Le poids du cartable est un probl\u00e8me r\u00e9current qui revient \u00e0 chaque rentr\u00e9e scolaire. Il a \u00e9t\u00e9 expos\u00e9 [&hellip;]<\/p>\n","protected":false},"author":1743,"featured_media":0,"comment_status":"closed","ping_status":"closed","sticky":false,"template":"","format":"standard","meta":{"fifu_image_url":"https:\/\/www.elwatan.com\/wp-content\/themes\/spectr\/img\/default-picture-709x366_c.jpg","fifu_image_alt":"\u00abRester sur format papier du livre scolaire c\u2019est condamner l\u2019\u00e9cole \u00e0 \u00eatre d\u00e9pass\u00e9e\u00bb","footnotes":""},"categories":[73,53],"tags":[],"class_list":["post-127117","post","type-post","status-publish","format-standard","hentry","category-actualite","category-algerie"],"_links":{"self":[{"href":"https:\/\/linitiative.ca\/International\/wp-json\/wp\/v2\/posts\/127117","targetHints":{"allow":["GET"]}}],"collection":[{"href":"https:\/\/linitiative.ca\/International\/wp-json\/wp\/v2\/posts"}],"about":[{"href":"https:\/\/linitiative.ca\/International\/wp-json\/wp\/v2\/types\/post"}],"author":[{"embeddable":true,"href":"https:\/\/linitiative.ca\/International\/wp-json\/wp\/v2\/users\/1743"}],"replies":[{"embeddable":true,"href":"https:\/\/linitiative.ca\/International\/wp-json\/wp\/v2\/comments?post=127117"}],"version-history":[{"count":0,"href":"https:\/\/linitiative.ca\/International\/wp-json\/wp\/v2\/posts\/127117\/revisions"}],"wp:attachment":[{"href":"https:\/\/linitiative.ca\/International\/wp-json\/wp\/v2\/media?parent=127117"}],"wp:term":[{"taxonomy":"category","embeddable":true,"href":"https:\/\/linitiative.ca\/International\/wp-json\/wp\/v2\/categories?post=127117"},{"taxonomy":"post_tag","embeddable":true,"href":"https:\/\/linitiative.ca\/International\/wp-json\/wp\/v2\/tags?post=127117"}],"curies":[{"name":"wp","href":"https:\/\/api.w.org\/{rel}","templated":true}]}}