{"id":127119,"date":"2021-09-15T06:40:39","date_gmt":"2021-09-15T10:40:39","guid":{"rendered":"https:\/\/linitiative.ca\/International\/lecole-algerienne-a-la-traine\/"},"modified":"2021-09-15T06:40:39","modified_gmt":"2021-09-15T10:40:39","slug":"lecole-algerienne-a-la-traine","status":"publish","type":"post","link":"https:\/\/linitiative.ca\/International\/lecole-algerienne-a-la-traine\/","title":{"rendered":"L\u2019\u00e9cole alg\u00e9rienne \u00e0 la tra\u00eene"},"content":{"rendered":"<div>\n<div class=\"sriret\"><img decoding=\"async\" src=\"https:\/\/linitiative.ca\/International\/wp-content\/uploads\/sites\/23\/2021\/09\/default-picture-709x366_c-47.jpg\"><\/div>\n<p class=\"p1\"><span class=\"s1\"><b>Le pari d\u2019all\u00e9ger le cartable \u00e0 une semaine de la rentr\u00e9e para\u00eet impossible. Selon des sources proches du dossier, ce probl\u00e8me<br \/>\ndu cartable est impossible \u00e0 solutionner, \u00e9tant donn\u00e9 qu\u2019il y a \u00e9norm\u00e9ment de b\u00e9n\u00e9fices derri\u00e8re la confection du livre scolaire.<\/b><\/span><\/p>\n<p class=\"p1\"><span class=\"s1\"><b>E<\/b><\/span><span class=\"s1\">ncore une fois, la question du poids du cartable revient en force dans l\u2019actualit\u00e9 \u00e9ducative. La num\u00e9risation du livre scolaire, qui pourrait mettre fin \u00e0 ce probl\u00e8me, semble loin d\u2019\u00eatre r\u00e9alis\u00e9e. <\/span><\/p>\n<p class=\"p4\"><span class=\"s1\">En effet, \u00e0 quelques jours de la rentr\u00e9e scolaire 2021-2022, le probl\u00e8me du poids du cartable refait surface. Nouveaut\u00e9 cette ann\u00e9e, il a \u00e9t\u00e9 \u00e0 l\u2019ordre du jour du dernier Conseil des ministres tenu ce dimanche.<\/span><\/p>\n<p class=\"p4\"><span class=\"s1\">Le pr\u00e9sident de la R\u00e9publique, Abdelmadjid Tebboune, a donn\u00e9 des instructions afin de trouver rapidement des solutions \u00e0 ce probl\u00e8me aussi vieux que l\u2019\u00e9cole alg\u00e9rienne.<\/span><\/p>\n<p class=\"p4\"><span class=\"s1\">Dans le communiqu\u00e9 de la Pr\u00e9sidence, il est mentionn\u00e9 que les pouvoirs publics, dont le d\u00e9partement de Abdelhakim Belabed, ministre de l\u2019Education nationale, sont instruits de trouver des solutions imm\u00e9diates \u00e0 la souffrance des \u00e9l\u00e8ves due au poids du cartable. <\/span><\/p>\n<p>L\u2019article <a rel=\"nofollow\" href=\"https:\/\/www.elwatan.com\/edition\/actualite\/lecole-algerienne-a-la-traine-15-09-2021\">L\u2019\u00e9cole alg\u00e9rienne \u00e0 la tra\u00eene<\/a> est apparu en premier sur <a rel=\"nofollow\" href=\"https:\/\/www.elwatan.com\/\">El Watan<\/a>.<\/p>\n<\/div>\n<p>Auteur: Anis Khecheba<br \/>\n<a href=\"https:\/\/www.elwatan.com\/edition\/actualite\/lecole-algerienne-a-la-traine-15-09-2021\">Cliquez ici pour lire l&rsquo;article depuis sa source.<\/a><\/p>\n","protected":false},"excerpt":{"rendered":"<p>Le pari d\u2019all\u00e9ger le cartable \u00e0 une semaine de la rentr\u00e9e para\u00eet impossible. Selon des sources proches du dossier, ce probl\u00e8me du cartable est impossible \u00e0 solutionner, \u00e9tant donn\u00e9 qu\u2019il y a \u00e9norm\u00e9ment de b\u00e9n\u00e9fices derri\u00e8re la confection du livre scolaire. Encore une fois, la question du poids du cartable revient en force dans l\u2019actualit\u00e9 [&hellip;]<\/p>\n","protected":false},"author":1743,"featured_media":0,"comment_status":"closed","ping_status":"closed","sticky":false,"template":"","format":"standard","meta":{"fifu_image_url":"https:\/\/www.elwatan.com\/wp-content\/themes\/spectr\/img\/default-picture-709x366_c.jpg","fifu_image_alt":"L\u2019\u00e9cole alg\u00e9rienne \u00e0 la tra\u00eene","footnotes":""},"categories":[73,53],"tags":[],"class_list":["post-127119","post","type-post","status-publish","format-standard","hentry","category-actualite","category-algerie"],"_links":{"self":[{"href":"https:\/\/linitiative.ca\/International\/wp-json\/wp\/v2\/posts\/127119","targetHints":{"allow":["GET"]}}],"collection":[{"href":"https:\/\/linitiative.ca\/International\/wp-json\/wp\/v2\/posts"}],"about":[{"href":"https:\/\/linitiative.ca\/International\/wp-json\/wp\/v2\/types\/post"}],"author":[{"embeddable":true,"href":"https:\/\/linitiative.ca\/International\/wp-json\/wp\/v2\/users\/1743"}],"replies":[{"embeddable":true,"href":"https:\/\/linitiative.ca\/International\/wp-json\/wp\/v2\/comments?post=127119"}],"version-history":[{"count":0,"href":"https:\/\/linitiative.ca\/International\/wp-json\/wp\/v2\/posts\/127119\/revisions"}],"wp:attachment":[{"href":"https:\/\/linitiative.ca\/International\/wp-json\/wp\/v2\/media?parent=127119"}],"wp:term":[{"taxonomy":"category","embeddable":true,"href":"https:\/\/linitiative.ca\/International\/wp-json\/wp\/v2\/categories?post=127119"},{"taxonomy":"post_tag","embeddable":true,"href":"https:\/\/linitiative.ca\/International\/wp-json\/wp\/v2\/tags?post=127119"}],"curies":[{"name":"wp","href":"https:\/\/api.w.org\/{rel}","templated":true}]}}