{"id":127121,"date":"2021-09-15T08:23:51","date_gmt":"2021-09-15T12:23:51","guid":{"rendered":"https:\/\/linitiative.ca\/International\/affaire-de-hamid-melzi-7-ans-de-prison-ferme-requis\/"},"modified":"2021-09-15T08:23:51","modified_gmt":"2021-09-15T12:23:51","slug":"affaire-de-hamid-melzi-7-ans-de-prison-ferme-requis","status":"publish","type":"post","link":"https:\/\/linitiative.ca\/International\/affaire-de-hamid-melzi-7-ans-de-prison-ferme-requis\/","title":{"rendered":"Affaire de Hamid Melzi : 7 ans de prison ferme requis"},"content":{"rendered":"<div>\n<div class=\"sriret\"><img decoding=\"async\" src=\"https:\/\/linitiative.ca\/International\/wp-content\/uploads\/sites\/23\/2021\/09\/default-picture-709x366_c-48.jpg\"><\/div>\n<p>Le procureur de la R\u00e9publique pr\u00e8s le p\u00f4le \u00e9conomique et financier de Sidi M\u2019hamed (Alger) a requis mercredi 15 septembre une peine\u00a0\u00a0 de 7 ans de prison ferme et une amende de 4 millions de DA \u00e0 l\u2019encontre de Hamid Melzi, l\u2019ex-Directeur g\u00e9n\u00e9ral (DG) de la r\u00e9sidence d\u2019Etat \u00ab\u00a0Sahel\u00a0\u00bb, 12 ans de prison ferme et une amende d\u2019un (1) million de DA \u00e0 l\u2019encontre de l\u2019ancien Premier ministre Ahmed Ouyahia, ainsi qu\u2019une peine de 8 ans de prison ferme et une amende d\u2019un (1) million de DA \u00e0 l\u2019encontre de l\u2019ancien ministre Abdelmalek Sellal.<\/p>\n<p>Le procureur de la R\u00e9publique a \u00e9galement requis une peine de 4 ans de prison ferme et une amende de 5 millions de DA \u00e0 l\u2019encontre des enfants de Melzi, \u00e0 savoir Mouloud, Ahmed et Salim. Tandis qu\u2019une peine de 3 ans de prison et une amende de 500.000 DA a \u00e9t\u00e9 requise \u00e0 l\u2019encontre de son 4e\u00a0\u00a0 fils Walid. Le repr\u00e9sentant du parquet a \u00e9galement requis une peine de 6 ans de prison ferme et une amende de 2 millions de DA \u00e0 l\u2019encontre de l\u2019ex-DG d\u2019Air Alg\u00e9rie, Bekhouche Allache, 7 ans de prison ferme et une amende d\u2019un (1) million de DA \u00e0 l\u2019encontre de l\u2019ex-DG d\u2019Alg\u00e9rie T\u00e9l\u00e9com, Choudar Ahmed, ainsi que 4 ans de prison ferme et une amende de 500.000 Da \u00e0 l\u2019encontre de l\u2019ex-directeur de l\u2019accueil et des r\u00e9sidences officielles, Fouad Cherit. A noter que le collectif de d\u00e9fense a entam\u00e9 les plaidoiries au terme des r\u00e9quisitions du procureur de la R\u00e9publique.<\/p>\n<p>L\u2019audition des accus\u00e9s et t\u00e9moins dans l\u2019affaire de l\u2019ex-DG de la r\u00e9sidence d\u2019Etat du \u00ab\u00a0Sahel\u00a0\u00bb, Hamid Melzi s\u2019est poursuivie mardi. Le juge a auditionn\u00e9, pour le deuxi\u00e8me jour cons\u00e9cutif, l\u2019accus\u00e9 Hamid\u00a0\u00a0 Melzi dans l\u2019affaire de blanchiment d\u2019argent mise \u00e0 nu par l\u2019enqu\u00eate et l\u2019a interrog\u00e9 au sujet du rapport de ses enfants avec son activit\u00e9 et son poste d\u2019ancien directeur de la r\u00e9sidence d\u2019Etat depuis 1997. Plac\u00e9 en d\u00e9tention provisoire depuis mai 2019, Hamid Melzi est poursuivi pour plusieurs chefs d\u2019accusation, dont blanchiment d\u2019argent, transfert de biens provenant de la criminalit\u00e9, abus de fonction \u00e0 l\u2019effet d\u2019accorder d\u2019indus privil\u00e8ges, incitation d\u2019agents publics \u00e0 exploiter leur influence\u00a0\u00a0 en vue de violer les lois et r\u00e9glementations en vigueur, outre la conclusion de contrats en violation des dispositions l\u00e9gislatives et r\u00e9glementaires en vigueur.<\/p>\n<p>L\u2019article <a rel=\"nofollow\" href=\"https:\/\/www.elwatan.com\/edition\/actualite\/affaire-de-hamid-melzi-7-ans-de-prison-ferme-requis-15-09-2021\">Affaire de Hamid Melzi : 7 ans de prison ferme requis<\/a> est apparu en premier sur <a rel=\"nofollow\" href=\"https:\/\/www.elwatan.com\/\">El Watan<\/a>.<\/p>\n<\/div>\n<p>Auteur: Abdelghani Aichoun<br \/>\n<a href=\"https:\/\/www.elwatan.com\/edition\/actualite\/affaire-de-hamid-melzi-7-ans-de-prison-ferme-requis-15-09-2021\">Cliquez ici pour lire l&rsquo;article depuis sa source.<\/a><\/p>\n","protected":false},"excerpt":{"rendered":"<p>Le procureur de la R\u00e9publique pr\u00e8s le p\u00f4le \u00e9conomique et financier de Sidi M\u2019hamed (Alger) a requis mercredi 15 septembre une peine\u00a0\u00a0 de 7 ans de prison ferme et une amende de 4 millions de DA \u00e0 l\u2019encontre de Hamid Melzi, l\u2019ex-Directeur g\u00e9n\u00e9ral (DG) de la r\u00e9sidence d\u2019Etat \u00ab\u00a0Sahel\u00a0\u00bb, 12 ans de prison ferme et [&hellip;]<\/p>\n","protected":false},"author":1743,"featured_media":0,"comment_status":"closed","ping_status":"closed","sticky":false,"template":"","format":"standard","meta":{"fifu_image_url":"https:\/\/www.elwatan.com\/wp-content\/themes\/spectr\/img\/default-picture-709x366_c.jpg","fifu_image_alt":"Affaire de Hamid Melzi : 7 ans de prison ferme requis","footnotes":""},"categories":[73,53],"tags":[],"class_list":["post-127121","post","type-post","status-publish","format-standard","hentry","category-actualite","category-algerie"],"_links":{"self":[{"href":"https:\/\/linitiative.ca\/International\/wp-json\/wp\/v2\/posts\/127121","targetHints":{"allow":["GET"]}}],"collection":[{"href":"https:\/\/linitiative.ca\/International\/wp-json\/wp\/v2\/posts"}],"about":[{"href":"https:\/\/linitiative.ca\/International\/wp-json\/wp\/v2\/types\/post"}],"author":[{"embeddable":true,"href":"https:\/\/linitiative.ca\/International\/wp-json\/wp\/v2\/users\/1743"}],"replies":[{"embeddable":true,"href":"https:\/\/linitiative.ca\/International\/wp-json\/wp\/v2\/comments?post=127121"}],"version-history":[{"count":0,"href":"https:\/\/linitiative.ca\/International\/wp-json\/wp\/v2\/posts\/127121\/revisions"}],"wp:attachment":[{"href":"https:\/\/linitiative.ca\/International\/wp-json\/wp\/v2\/media?parent=127121"}],"wp:term":[{"taxonomy":"category","embeddable":true,"href":"https:\/\/linitiative.ca\/International\/wp-json\/wp\/v2\/categories?post=127121"},{"taxonomy":"post_tag","embeddable":true,"href":"https:\/\/linitiative.ca\/International\/wp-json\/wp\/v2\/tags?post=127121"}],"curies":[{"name":"wp","href":"https:\/\/api.w.org\/{rel}","templated":true}]}}