{"id":127123,"date":"2021-09-15T08:29:12","date_gmt":"2021-09-15T12:29:12","guid":{"rendered":"https:\/\/linitiative.ca\/International\/securite-sociale-suppression-jusquau-31-janvier-2022-des-penalites-de-retard\/"},"modified":"2021-09-15T08:29:12","modified_gmt":"2021-09-15T12:29:12","slug":"securite-sociale-suppression-jusquau-31-janvier-2022-des-penalites-de-retard","status":"publish","type":"post","link":"https:\/\/linitiative.ca\/International\/securite-sociale-suppression-jusquau-31-janvier-2022-des-penalites-de-retard\/","title":{"rendered":"S\u00e9curit\u00e9 Sociale\u00a0: Suppression jusqu\u2019au 31 janvier 2022 des p\u00e9nalit\u00e9s de retard"},"content":{"rendered":"<div>\n<div class=\"sriret\"><img decoding=\"async\" src=\"https:\/\/linitiative.ca\/International\/wp-content\/uploads\/sites\/23\/2021\/09\/default-picture-709x366_c-49.jpg\"><\/div>\n<p>Le minist\u00e8re du Travail, de l\u2019Emploi et de la S\u00e9curit\u00e9 sociale informe tous les employeurs affili\u00e9s aux caisses de s\u00e9curit\u00e9 sociale de l\u2019entr\u00e9e en vigueur des mesures exceptionnelles li\u00e9es \u00e0 la suppression des p\u00e9nalit\u00e9s de retard de paiement des cotisations \u00e0 la s\u00e9curit\u00e9 sociale, jusqu\u2019au 31 janvier 2022, a-t-on appris, mardi 14 septembre, aupr\u00e8s du minist\u00e8re.<\/p>\n<p>\u00ab\u00a0Le minist\u00e8re du Travail, de l\u2019Emploi et de la S\u00e9curit\u00e9 sociale informe tous les employeurs affili\u00e9s aux caisses de s\u00e9curit\u00e9 sociale, de l\u2019entr\u00e9e en vigueur des mesures exceptionnelles li\u00e9es \u00e0 l\u2019annulation des p\u00e9nalit\u00e9s de retard de paiement des cotisations \u00e0 la s\u00e9curit\u00e9 sociale, approuv\u00e9es en Conseil des ministres tenu le 22 ao\u00fbt 2021 et ce, apr\u00e8s la promulgation de l\u2019ordonnance n 21-12 du 25 ao\u00fbt 2021, parue au Journal officiel n 65\u00a0\u00bb. Cette d\u00e9cision d\u2019exemption, \u00ab\u00a0qui restera en vigueur jusqu\u2019au 31 janvier 2022, concerne plus de 760.000 employeurs redevables, dont 153.458 employeurs affili\u00e9s \u00e0 la Caisse nationale des assurances sociales (CNAS) et 589.426 employeurs affili\u00e9s \u00e0 la S\u00e9curit\u00e9 Sociale des Non-Salari\u00e9s (CASNOS), ainsi que 17.668 employeurs affili\u00e9s \u00e0 la Caisse nationale des cong\u00e9s pay\u00e9s et du ch\u00f4mage intemp\u00e9ries des secteurs du BTPH (CACOBAPTH). Ces mesures exceptionnelles profitent \u00e0 tous les salari\u00e9s et non-salari\u00e9s exer\u00e7ant une activit\u00e9 pour leur propre compte, notamment ceux qui rencontrent des difficult\u00e9s \u00e0 r\u00e9gler leur situation et \u00e0 honorer leurs engagements vis-\u00e0-vis de la s\u00e9curit\u00e9 sociale.<\/p>\n<p>Aussi, les op\u00e9rateurs \u00e9conomiques concern\u00e9s par ces proc\u00e9dures peuvent b\u00e9n\u00e9ficier d\u2019un r\u00e9\u00e9chelonnement pour le paiement de leurs cotisations principales avec une exon\u00e9ration totale des majorations et des p\u00e9nalit\u00e9s de retards lors du paiement de la derni\u00e8re tranche\u00a0\u00bb. Afin de b\u00e9n\u00e9ficier de ces mesures, il faudra proc\u00e9der au versement des cotisations en cours puis la pr\u00e9sentation d\u2019une demande d\u2019\u00e9chelonnement des pr\u00e9c\u00e9dentes cotisations par le redevable, ajoute-t-on de m\u00eame source. Les usagers d\u00e9biteurs aupr\u00e8s de la CNAS b\u00e9n\u00e9ficient d\u2019une r\u00e9duction du quote-part patronale en mati\u00e8re de cotisations de la s\u00e9curit\u00e9 sociale et ce dans le cadre des mesures incitatives relatives \u00e0 la promotion et le soutien de l\u2019emploi. A cette occasion, le minist\u00e8re du Travail, de l\u2019Emploi et de la S\u00e9curit\u00e9 sociale a appel\u00e9 l\u2019ensemble des op\u00e9rateurs \u00e9conomiques \u00e0 se rapprocher des instances de s\u00e9curit\u00e9 sociale afin de b\u00e9n\u00e9ficier de ces mesures exceptionnelles. Le minist\u00e8re a affirm\u00e9 que ces mesures exceptionnelles s\u2019inscrivent dans le cadre des efforts de l\u2019Etat visant \u00e0 accompagner et aider les op\u00e9rateurs \u00e9conomiques pour surmonter les incidences n\u00e9gatives dues \u00e0 la propagation du covid-19 et leur permettre de contribuer \u00e0 la concr\u00e9tisation du programme de relance \u00e9conomique initi\u00e9 par le pr\u00e9sident de la R\u00e9publique, Abdelmadjid Tebboune.<\/p>\n<p>L\u2019article <a rel=\"nofollow\" href=\"https:\/\/www.elwatan.com\/edition\/actualite\/securite-sociale-suppression-jusquau-31-janvier-2022-des-penalites-de-retard-15-09-2021\">S\u00e9curit\u00e9 Sociale\u00a0: Suppression jusqu\u2019au 31 janvier 2022 des p\u00e9nalit\u00e9s de retard<\/a> est apparu en premier sur <a rel=\"nofollow\" href=\"https:\/\/www.elwatan.com\/\">El Watan<\/a>.<\/p>\n<\/div>\n<p>Auteur: Abdelghani Aichoun<br \/>\n<a href=\"https:\/\/www.elwatan.com\/edition\/actualite\/securite-sociale-suppression-jusquau-31-janvier-2022-des-penalites-de-retard-15-09-2021\">Cliquez ici pour lire l&rsquo;article depuis sa source.<\/a><\/p>\n","protected":false},"excerpt":{"rendered":"<p>Le minist\u00e8re du Travail, de l\u2019Emploi et de la S\u00e9curit\u00e9 sociale informe tous les employeurs affili\u00e9s aux caisses de s\u00e9curit\u00e9 sociale de l\u2019entr\u00e9e en vigueur des mesures exceptionnelles li\u00e9es \u00e0 la suppression des p\u00e9nalit\u00e9s de retard de paiement des cotisations \u00e0 la s\u00e9curit\u00e9 sociale, jusqu\u2019au 31 janvier 2022, a-t-on appris, mardi 14 septembre, aupr\u00e8s du [&hellip;]<\/p>\n","protected":false},"author":1743,"featured_media":0,"comment_status":"closed","ping_status":"closed","sticky":false,"template":"","format":"standard","meta":{"fifu_image_url":"https:\/\/www.elwatan.com\/wp-content\/themes\/spectr\/img\/default-picture-709x366_c.jpg","fifu_image_alt":"S\u00e9curit\u00e9 Sociale\u00a0: Suppression jusqu\u2019au 31 janvier 2022 des p\u00e9nalit\u00e9s de retard","footnotes":""},"categories":[73,53],"tags":[],"class_list":["post-127123","post","type-post","status-publish","format-standard","hentry","category-actualite","category-algerie"],"_links":{"self":[{"href":"https:\/\/linitiative.ca\/International\/wp-json\/wp\/v2\/posts\/127123","targetHints":{"allow":["GET"]}}],"collection":[{"href":"https:\/\/linitiative.ca\/International\/wp-json\/wp\/v2\/posts"}],"about":[{"href":"https:\/\/linitiative.ca\/International\/wp-json\/wp\/v2\/types\/post"}],"author":[{"embeddable":true,"href":"https:\/\/linitiative.ca\/International\/wp-json\/wp\/v2\/users\/1743"}],"replies":[{"embeddable":true,"href":"https:\/\/linitiative.ca\/International\/wp-json\/wp\/v2\/comments?post=127123"}],"version-history":[{"count":0,"href":"https:\/\/linitiative.ca\/International\/wp-json\/wp\/v2\/posts\/127123\/revisions"}],"wp:attachment":[{"href":"https:\/\/linitiative.ca\/International\/wp-json\/wp\/v2\/media?parent=127123"}],"wp:term":[{"taxonomy":"category","embeddable":true,"href":"https:\/\/linitiative.ca\/International\/wp-json\/wp\/v2\/categories?post=127123"},{"taxonomy":"post_tag","embeddable":true,"href":"https:\/\/linitiative.ca\/International\/wp-json\/wp\/v2\/tags?post=127123"}],"curies":[{"name":"wp","href":"https:\/\/api.w.org\/{rel}","templated":true}]}}