{"id":127127,"date":"2021-09-15T05:58:00","date_gmt":"2021-09-15T09:58:00","guid":{"rendered":"https:\/\/linitiative.ca\/International\/le-president-saied-et-les-constitutionnalistes-limportant-non-evenement\/"},"modified":"2021-09-15T05:58:00","modified_gmt":"2021-09-15T09:58:00","slug":"le-president-saied-et-les-constitutionnalistes-limportant-non-evenement","status":"publish","type":"post","link":"https:\/\/linitiative.ca\/International\/le-president-saied-et-les-constitutionnalistes-limportant-non-evenement\/","title":{"rendered":"Le pr\u00e9sident Saied et les constitutionnalistes: L\u2019important non-\u00e9v\u00e9nement"},"content":{"rendered":"<div><img decoding=\"async\" src=\"https:\/\/linitiative.ca\/International\/wp-content\/uploads\/sites\/23\/2021\/09\/1631697057_article.jpg\" alt=\"Le pr\u00e9sident Saied et les constitutionnalistes : L\u2019important non-\u00e9v\u00e9nement \" align=\"left\">Par Mohamed Hedi Zaiem &#8211; Alors que les observateurs politiques s\u2019attendaient ce mardi 14 septembre \u00e0 un v\u00e9ritable \u00e9v\u00e8nement sous forme d\u2019une communication importante du Pr\u00e9sident Sa\u00efed donnant des indications sur ses intentions et la composition tant attendue du gouvernement, l\u2019annonce qu\u2019il a faite lors de sa rencontre avec d\u2019\u00e9minents\u00a0 professeurs de droit constitutionnel a laiss\u00e9 la classe politique sur sa faim.<br \/>\nDeux \u00e9l\u00e9ments ont retenu notre attention, et nous voudrions montrer en quoi ils sont tr\u00e8s importants.<br \/>\nD\u2019abord cette\u00a0 phrase qui a fait l\u2019effet d\u2019une \u00abdouche froide\u00bb sur la classe politique \u00abIl est important de former le gouvernement, mais il faut &#8230;<\/p>\n<\/div>\n<p>Auteur:<br \/>\n<a href=\"https:\/\/www.leaders.com.tn\/article\/32413-le-president-saied-et-les-constitutionnalistes-l-important-non-evenement\">Cliquez ici pour lire l&rsquo;article depuis sa source.<\/a><\/p>\n","protected":false},"excerpt":{"rendered":"<p>Par Mohamed Hedi Zaiem &#8211; Alors que les observateurs politiques s\u2019attendaient ce mardi 14 septembre \u00e0 un v\u00e9ritable \u00e9v\u00e8nement sous forme d\u2019une communication importante du Pr\u00e9sident Sa\u00efed donnant des indications sur ses intentions et la composition tant attendue du gouvernement, l\u2019annonce qu\u2019il a faite lors de sa rencontre avec d\u2019\u00e9minents\u00a0 professeurs de droit constitutionnel a [&hellip;]<\/p>\n","protected":false},"author":1772,"featured_media":0,"comment_status":"closed","ping_status":"closed","sticky":false,"template":"","format":"standard","meta":{"fifu_image_url":"http:\/\/www.leaders.com.tn\/uploads\/content\/thumbnails_small\/1631697057_article.jpg","fifu_image_alt":"Le pr\u00e9sident Saied et les constitutionnalistes: L\u2019important non-\u00e9v\u00e9nement","footnotes":""},"categories":[73,55],"tags":[],"class_list":["post-127127","post","type-post","status-publish","format-standard","hentry","category-actualite","category-tunisie"],"_links":{"self":[{"href":"https:\/\/linitiative.ca\/International\/wp-json\/wp\/v2\/posts\/127127","targetHints":{"allow":["GET"]}}],"collection":[{"href":"https:\/\/linitiative.ca\/International\/wp-json\/wp\/v2\/posts"}],"about":[{"href":"https:\/\/linitiative.ca\/International\/wp-json\/wp\/v2\/types\/post"}],"author":[{"embeddable":true,"href":"https:\/\/linitiative.ca\/International\/wp-json\/wp\/v2\/users\/1772"}],"replies":[{"embeddable":true,"href":"https:\/\/linitiative.ca\/International\/wp-json\/wp\/v2\/comments?post=127127"}],"version-history":[{"count":0,"href":"https:\/\/linitiative.ca\/International\/wp-json\/wp\/v2\/posts\/127127\/revisions"}],"wp:attachment":[{"href":"https:\/\/linitiative.ca\/International\/wp-json\/wp\/v2\/media?parent=127127"}],"wp:term":[{"taxonomy":"category","embeddable":true,"href":"https:\/\/linitiative.ca\/International\/wp-json\/wp\/v2\/categories?post=127127"},{"taxonomy":"post_tag","embeddable":true,"href":"https:\/\/linitiative.ca\/International\/wp-json\/wp\/v2\/tags?post=127127"}],"curies":[{"name":"wp","href":"https:\/\/api.w.org\/{rel}","templated":true}]}}