{"id":127129,"date":"2021-09-15T06:55:00","date_gmt":"2021-09-15T10:55:00","guid":{"rendered":"https:\/\/linitiative.ca\/International\/comment-comprendre-les-prochaines-elections-en-allemagne-et-quel-impact-sur-la-tunisie-du-depart-dangela-merkel\/"},"modified":"2021-09-15T06:55:00","modified_gmt":"2021-09-15T10:55:00","slug":"comment-comprendre-les-prochaines-elections-en-allemagne-et-quel-impact-sur-la-tunisie-du-depart-dangela-merkel","status":"publish","type":"post","link":"https:\/\/linitiative.ca\/International\/comment-comprendre-les-prochaines-elections-en-allemagne-et-quel-impact-sur-la-tunisie-du-depart-dangela-merkel\/","title":{"rendered":"Comment comprendre les prochaines \u00e9lections en Allemagne et quel impact sur la Tunisie du d\u00e9part d\u2019Angela Merkel"},"content":{"rendered":"<div><img decoding=\"async\" src=\"https:\/\/linitiative.ca\/International\/wp-content\/uploads\/sites\/23\/2021\/09\/1631700144_article.jpg\" alt=\"Comment comprendre les prochaines \u00e9lections en Allemagne et quel impact sur la Tunisie du d\u00e9part d\u2019Angela Merkel\" align=\"left\">Par Sami Bahri &#8211; Le 26 septembre 2021 les Allemand\/es sont appel\u00e9\/es aux urnes pour \u00e9lire un nouveau parlement f\u00e9d\u00e9ral &#8211; le \u201eBundestag\u201c &#8211; un des organes principaux de la gouvernance allemande. Cette \u00e9lection sort un peu de l\u2019ordinaire car pour la premi\u00e8re fois depuis presque deux d\u00e9cennies, Angela Merkel ne sera pas candidate \u00e0 la chancellerie. Le nouveau parlement \u00e0 \u00e9lire devra donc choisir un\/e rempla\u00e7ant\/e pour celle qui a gouvern\u00e9 l\u2019Allemagne pendant 16 ans. Contrairement aux derni\u00e8res \u00e9lections o\u00f9 personne ne doutait vraiment de son succ\u00e8s vu son immense popularit\u00e9, c\u2019est sa d\u00e9cision de se retirer qui change compl\u00e8tement la donne et qui rend ce scrutin &#8230;<\/p>\n<\/div>\n<p>Auteur:<br \/>\n<a href=\"https:\/\/www.leaders.com.tn\/article\/32414-comment-comprendre-les-prochaines-elections-en-allemagne-et-quel-impact-sur-la-tunisie-du-depart-d-angela-merkel\">Cliquez ici pour lire l&rsquo;article depuis sa source.<\/a><\/p>\n","protected":false},"excerpt":{"rendered":"<p>Par Sami Bahri &#8211; Le 26 septembre 2021 les Allemand\/es sont appel\u00e9\/es aux urnes pour \u00e9lire un nouveau parlement f\u00e9d\u00e9ral &#8211; le \u201eBundestag\u201c &#8211; un des organes principaux de la gouvernance allemande. Cette \u00e9lection sort un peu de l\u2019ordinaire car pour la premi\u00e8re fois depuis presque deux d\u00e9cennies, Angela Merkel ne sera pas candidate \u00e0 [&hellip;]<\/p>\n","protected":false},"author":1772,"featured_media":0,"comment_status":"closed","ping_status":"closed","sticky":false,"template":"","format":"standard","meta":{"fifu_image_url":"http:\/\/www.leaders.com.tn\/uploads\/content\/thumbnails_small\/1631700144_article.jpg","fifu_image_alt":"Comment comprendre les prochaines \u00e9lections en Allemagne et quel impact sur la Tunisie du d\u00e9part d\u2019Angela Merkel","footnotes":""},"categories":[73,55],"tags":[],"class_list":["post-127129","post","type-post","status-publish","format-standard","hentry","category-actualite","category-tunisie"],"_links":{"self":[{"href":"https:\/\/linitiative.ca\/International\/wp-json\/wp\/v2\/posts\/127129","targetHints":{"allow":["GET"]}}],"collection":[{"href":"https:\/\/linitiative.ca\/International\/wp-json\/wp\/v2\/posts"}],"about":[{"href":"https:\/\/linitiative.ca\/International\/wp-json\/wp\/v2\/types\/post"}],"author":[{"embeddable":true,"href":"https:\/\/linitiative.ca\/International\/wp-json\/wp\/v2\/users\/1772"}],"replies":[{"embeddable":true,"href":"https:\/\/linitiative.ca\/International\/wp-json\/wp\/v2\/comments?post=127129"}],"version-history":[{"count":0,"href":"https:\/\/linitiative.ca\/International\/wp-json\/wp\/v2\/posts\/127129\/revisions"}],"wp:attachment":[{"href":"https:\/\/linitiative.ca\/International\/wp-json\/wp\/v2\/media?parent=127129"}],"wp:term":[{"taxonomy":"category","embeddable":true,"href":"https:\/\/linitiative.ca\/International\/wp-json\/wp\/v2\/categories?post=127129"},{"taxonomy":"post_tag","embeddable":true,"href":"https:\/\/linitiative.ca\/International\/wp-json\/wp\/v2\/tags?post=127129"}],"curies":[{"name":"wp","href":"https:\/\/api.w.org\/{rel}","templated":true}]}}