{"id":127131,"date":"2021-09-15T07:14:00","date_gmt":"2021-09-15T11:14:00","guid":{"rendered":"https:\/\/linitiative.ca\/International\/periode-faste-pour-les-sportifs-tunisiens\/"},"modified":"2021-09-15T07:14:00","modified_gmt":"2021-09-15T11:14:00","slug":"periode-faste-pour-les-sportifs-tunisiens","status":"publish","type":"post","link":"https:\/\/linitiative.ca\/International\/periode-faste-pour-les-sportifs-tunisiens\/","title":{"rendered":"P\u00e9riode faste pour les sportifs tunisiens"},"content":{"rendered":"<div><img decoding=\"async\" src=\"https:\/\/linitiative.ca\/International\/wp-content\/uploads\/sites\/23\/2021\/09\/1631708525_article.jpg\" alt=\"P\u00e9riode faste pour les sportifs tunisiens\" align=\"left\">P\u00e9riode faste pour les sportifs tunisiens qui s&rsquo;on cess\u00e9 depuis quelques mois de s&rsquo;illustrer tant au plan continental qu&rsquo;au plan international : d&rsquo;abord dans les sports individuels, avec Ons Jaber en tennis et Ayoub Hafnaoui, en natation aux derni\u00e8res olympiades o\u00f9 il a glan\u00e9 la m\u00e9daille d&rsquo;or \u00e0 l&rsquo;\u00e2ge de 18 ans, alors\u00a0 qu&rsquo;en paralympyques, ils ont domin\u00e9 leurs adversaire Raoua Tlili et Walid Ktila, en faisant retentir l&rsquo;hymne national \u00e0 deux reprises.<br \/>\nMais aussi dans les sports collectifs en Basket ball et en volleyball o\u00f9 les joueurs tunisiens ont confirm\u00e9 leur supr\u00e9matie dans ces deux discplines en d\u00e9crochant les titres continentaux.<br \/>\nLe m\u00e9rite des sportifs tunisiens et &#8230;<\/p>\n<\/div>\n<p>Auteur:<br \/>\n<a href=\"https:\/\/www.leaders.com.tn\/article\/32415-periode-faste-pour-les-sportifs-tunisiens\">Cliquez ici pour lire l&rsquo;article depuis sa source.<\/a><\/p>\n","protected":false},"excerpt":{"rendered":"<p>P\u00e9riode faste pour les sportifs tunisiens qui s&rsquo;on cess\u00e9 depuis quelques mois de s&rsquo;illustrer tant au plan continental qu&rsquo;au plan international : d&rsquo;abord dans les sports individuels, avec Ons Jaber en tennis et Ayoub Hafnaoui, en natation aux derni\u00e8res olympiades o\u00f9 il a glan\u00e9 la m\u00e9daille d&rsquo;or \u00e0 l&rsquo;\u00e2ge de 18 ans, alors\u00a0 qu&rsquo;en paralympyques, [&hellip;]<\/p>\n","protected":false},"author":1772,"featured_media":0,"comment_status":"closed","ping_status":"closed","sticky":false,"template":"","format":"standard","meta":{"fifu_image_url":"http:\/\/www.leaders.com.tn\/uploads\/content\/thumbnails_small\/1631708525_article.jpg","fifu_image_alt":"P\u00e9riode faste pour les sportifs tunisiens","footnotes":""},"categories":[73,55],"tags":[],"class_list":["post-127131","post","type-post","status-publish","format-standard","hentry","category-actualite","category-tunisie"],"_links":{"self":[{"href":"https:\/\/linitiative.ca\/International\/wp-json\/wp\/v2\/posts\/127131","targetHints":{"allow":["GET"]}}],"collection":[{"href":"https:\/\/linitiative.ca\/International\/wp-json\/wp\/v2\/posts"}],"about":[{"href":"https:\/\/linitiative.ca\/International\/wp-json\/wp\/v2\/types\/post"}],"author":[{"embeddable":true,"href":"https:\/\/linitiative.ca\/International\/wp-json\/wp\/v2\/users\/1772"}],"replies":[{"embeddable":true,"href":"https:\/\/linitiative.ca\/International\/wp-json\/wp\/v2\/comments?post=127131"}],"version-history":[{"count":0,"href":"https:\/\/linitiative.ca\/International\/wp-json\/wp\/v2\/posts\/127131\/revisions"}],"wp:attachment":[{"href":"https:\/\/linitiative.ca\/International\/wp-json\/wp\/v2\/media?parent=127131"}],"wp:term":[{"taxonomy":"category","embeddable":true,"href":"https:\/\/linitiative.ca\/International\/wp-json\/wp\/v2\/categories?post=127131"},{"taxonomy":"post_tag","embeddable":true,"href":"https:\/\/linitiative.ca\/International\/wp-json\/wp\/v2\/tags?post=127131"}],"curies":[{"name":"wp","href":"https:\/\/api.w.org\/{rel}","templated":true}]}}