{"id":127133,"date":"2021-09-15T09:52:00","date_gmt":"2021-09-15T13:52:00","guid":{"rendered":"https:\/\/linitiative.ca\/International\/la-fondation-almahaba-donne-une-nouvelle-vie-a-lecole-primaire-1er-juin-a-kalaa-kebira-sousse\/"},"modified":"2021-09-15T09:52:00","modified_gmt":"2021-09-15T13:52:00","slug":"la-fondation-almahaba-donne-une-nouvelle-vie-a-lecole-primaire-1er-juin-a-kalaa-kebira-sousse","status":"publish","type":"post","link":"https:\/\/linitiative.ca\/International\/la-fondation-almahaba-donne-une-nouvelle-vie-a-lecole-primaire-1er-juin-a-kalaa-kebira-sousse\/","title":{"rendered":"La Fondation \u00abALMAHABA\u00bb donne une nouvelle vie \u00e0 l\u2019\u00e9cole primaire \u00ab1er juin\u00bb \u00e0 Kalaa kebira Sousse"},"content":{"rendered":"<div><img decoding=\"async\" src=\"https:\/\/linitiative.ca\/International\/wp-content\/uploads\/sites\/23\/2021\/09\/1631711127_article.jpg\" alt=\"La Fondation \u00abALMAHABA\u00bb donne une nouvelle vie \u00e0 l\u2019\u00e9cole primaire \u00ab1er juin\u00bb \u00e0 Kalaa kebira Sousse\" align=\"left\">Les enfants scolaris\u00e9s \u00e0 l\u2019\u00e9cole primaire \u00ab 1er juin \u00bb \u00e0 kalaa Kebira &#8211; Sousse, auront une nouvelle \u00e9cole pour cette rentr\u00e9e scolaire. L\u2019\u00e9tablissement \u00e9tait peu adapt\u00e9 aux activit\u00e9s scolaires avec l&rsquo;absence des n\u00e9cessit\u00e9s de base pour les enfants et les enseignants comme les blocs sanitaires et autres.<\/p>\n<p>Constatant l&rsquo;\u00e9tat d\u00e9labr\u00e9 des lieux, la fondation Al Mahaba en la personne de son fondateur Hafedh Zouari a d\u00e9cid\u00e9 de r\u00e9agir et de tout mettre en \u0153uvre pour en am\u00e9liorer le confort et la durabilit\u00e9.<\/p>\n<p>Cette \u00e9cole repr\u00e9sente une ic\u00f4ne de la r\u00e9gion. Sa Fondation en 1897 par la colonisation fran\u00e7aise s\u2019inscrivait dans le cadre de ses tentatives de &#8230;<\/p>\n<\/div>\n<p>Auteur:<br \/>\n<a href=\"https:\/\/www.leaders.com.tn\/article\/32416-la-fondation-almahaba-donne-une-nouvelle-vie-a-l-ecole-primaire-1er-juin-a-kalaa-kebira-sousse\">Cliquez ici pour lire l&rsquo;article depuis sa source.<\/a><\/p>\n","protected":false},"excerpt":{"rendered":"<p>Les enfants scolaris\u00e9s \u00e0 l\u2019\u00e9cole primaire \u00ab 1er juin \u00bb \u00e0 kalaa Kebira &#8211; Sousse, auront une nouvelle \u00e9cole pour cette rentr\u00e9e scolaire. L\u2019\u00e9tablissement \u00e9tait peu adapt\u00e9 aux activit\u00e9s scolaires avec l&rsquo;absence des n\u00e9cessit\u00e9s de base pour les enfants et les enseignants comme les blocs sanitaires et autres. Constatant l&rsquo;\u00e9tat d\u00e9labr\u00e9 des lieux, la fondation [&hellip;]<\/p>\n","protected":false},"author":1772,"featured_media":0,"comment_status":"closed","ping_status":"closed","sticky":false,"template":"","format":"standard","meta":{"fifu_image_url":"http:\/\/www.leaders.com.tn\/uploads\/content\/thumbnails_small\/1631711127_article.jpg","fifu_image_alt":"La Fondation \u00abALMAHABA\u00bb donne une nouvelle vie \u00e0 l\u2019\u00e9cole primaire \u00ab1er juin\u00bb \u00e0 Kalaa kebira Sousse","footnotes":""},"categories":[73,55],"tags":[],"class_list":["post-127133","post","type-post","status-publish","format-standard","hentry","category-actualite","category-tunisie"],"_links":{"self":[{"href":"https:\/\/linitiative.ca\/International\/wp-json\/wp\/v2\/posts\/127133","targetHints":{"allow":["GET"]}}],"collection":[{"href":"https:\/\/linitiative.ca\/International\/wp-json\/wp\/v2\/posts"}],"about":[{"href":"https:\/\/linitiative.ca\/International\/wp-json\/wp\/v2\/types\/post"}],"author":[{"embeddable":true,"href":"https:\/\/linitiative.ca\/International\/wp-json\/wp\/v2\/users\/1772"}],"replies":[{"embeddable":true,"href":"https:\/\/linitiative.ca\/International\/wp-json\/wp\/v2\/comments?post=127133"}],"version-history":[{"count":0,"href":"https:\/\/linitiative.ca\/International\/wp-json\/wp\/v2\/posts\/127133\/revisions"}],"wp:attachment":[{"href":"https:\/\/linitiative.ca\/International\/wp-json\/wp\/v2\/media?parent=127133"}],"wp:term":[{"taxonomy":"category","embeddable":true,"href":"https:\/\/linitiative.ca\/International\/wp-json\/wp\/v2\/categories?post=127133"},{"taxonomy":"post_tag","embeddable":true,"href":"https:\/\/linitiative.ca\/International\/wp-json\/wp\/v2\/tags?post=127133"}],"curies":[{"name":"wp","href":"https:\/\/api.w.org\/{rel}","templated":true}]}}